{"id":5031,"date":"2017-08-17T14:36:00","date_gmt":"2017-08-17T17:36:00","guid":{"rendered":"http:\/\/blogdoedvaldomagalhaes.com.br\/index.php\/2017\/08\/17\/vigilante-de-transporte-de-valores\/"},"modified":"2019-02-09T01:40:12","modified_gmt":"2019-02-09T03:40:12","slug":"vigilante-de-transporte-de-valores","status":"publish","type":"post","link":"https:\/\/blogdoedvaldomagalhaes.com.br\/index.php\/2017\/08\/17\/vigilante-de-transporte-de-valores\/","title":{"rendered":"Vigilante de Transporte de Valores morre no HR"},"content":{"rendered":"<div class=\"separator\" style=\"clear: both; text-align: center;\">\n<a href=\"https:\/\/1.bp.blogspot.com\/-Q-33s6idam4\/WZWnZ1ndoGI\/AAAAAAAAb-4\/zV_pLWhzEMsfZq1H3_XMhAQreavyEI8uQCLcBGAs\/s1600\/IMG-20170817-WA0064.jpg\" imageanchor=\"1\" style=\"margin-left: 1em; margin-right: 1em;\"><img loading=\"lazy\" decoding=\"async\" border=\"0\" data-original-height=\"540\" data-original-width=\"540\" height=\"400\" src=\"http:\/\/blogdoedvaldomagalhaes.com.br\/wp-content\/uploads\/2017\/08\/IMG-20170817-WA0064.jpg\" width=\"400\" \/><\/a><\/div>\n<div class=\"separator\" style=\"clear: both; text-align: justify;\">\n<\/div>\n<div class=\"separator\" style=\"clear: both; text-align: justify;\">\nO Vigilante de Transporte de Valores, Roberto de Lira Ferreira, 32 anos de idade, que residia em Garanhuns, faleceu na manh\u00e3 desta quinta-feira (17), no Hospital da Restaura\u00e7\u00e3o, em Recife. O vigilante era o motorista do carro forte da empresa Preserve, no assalto ocorrido na \u00faltima ter\u00e7a-feira (15), no Km 5 da PE-180, em S\u00e3o Bento do Una, agreste de Pernambuco. &nbsp;O vigilante deixa a esposa gr\u00e1vida de 8 meses.&nbsp;<\/div>\n<div style=\"text-align: justify;\">\n<\/div>\n","protected":false},"excerpt":{"rendered":"<p>O Vigilante de Transporte de Valores, Roberto de Lira Ferreira, 32 anos de idade, que residia em Garanhuns, faleceu na&hellip;<\/p>\n","protected":false},"author":1,"featured_media":0,"comment_status":"open","ping_status":"open","sticky":false,"template":"","format":"standard","meta":{"footnotes":""},"categories":[1],"tags":[2,3982,1479,13,5509,3983,5299,6498],"class_list":["post-5031","post","type-post","status-publish","format-standard","hentry","category-sem-categoria","tag-blog-do-edvaldo-magalhaes","tag-hospital-da-restauracao","tag-noticias-policiais","tag-policial","tag-preserve","tag-recife","tag-sao-bento-do-una","tag-vigilante-de-transporte-de-valores-morre-no-hr"],"_links":{"self":[{"href":"https:\/\/blogdoedvaldomagalhaes.com.br\/index.php\/wp-json\/wp\/v2\/posts\/5031","targetHints":{"allow":["GET"]}}],"collection":[{"href":"https:\/\/blogdoedvaldomagalhaes.com.br\/index.php\/wp-json\/wp\/v2\/posts"}],"about":[{"href":"https:\/\/blogdoedvaldomagalhaes.com.br\/index.php\/wp-json\/wp\/v2\/types\/post"}],"author":[{"embeddable":true,"href":"https:\/\/blogdoedvaldomagalhaes.com.br\/index.php\/wp-json\/wp\/v2\/users\/1"}],"replies":[{"embeddable":true,"href":"https:\/\/blogdoedvaldomagalhaes.com.br\/index.php\/wp-json\/wp\/v2\/comments?post=5031"}],"version-history":[{"count":1,"href":"https:\/\/blogdoedvaldomagalhaes.com.br\/index.php\/wp-json\/wp\/v2\/posts\/5031\/revisions"}],"predecessor-version":[{"id":23258,"href":"https:\/\/blogdoedvaldomagalhaes.com.br\/index.php\/wp-json\/wp\/v2\/posts\/5031\/revisions\/23258"}],"wp:attachment":[{"href":"https:\/\/blogdoedvaldomagalhaes.com.br\/index.php\/wp-json\/wp\/v2\/media?parent=5031"}],"wp:term":[{"taxonomy":"category","embeddable":true,"href":"https:\/\/blogdoedvaldomagalhaes.com.br\/index.php\/wp-json\/wp\/v2\/categories?post=5031"},{"taxonomy":"post_tag","embeddable":true,"href":"https:\/\/blogdoedvaldomagalhaes.com.br\/index.php\/wp-json\/wp\/v2\/tags?post=5031"}],"curies":[{"name":"wp","href":"https:\/\/api.w.org\/{rel}","templated":true}]}}