{"id":5030,"date":"2017-08-17T17:38:00","date_gmt":"2017-08-17T20:38:00","guid":{"rendered":"http:\/\/blogdoedvaldomagalhaes.com.br\/index.php\/2017\/08\/17\/homem-mata-amigo-fere-dois-e-comete\/"},"modified":"2019-02-09T01:40:12","modified_gmt":"2019-02-09T03:40:12","slug":"homem-mata-amigo-fere-dois-e-comete","status":"publish","type":"post","link":"https:\/\/blogdoedvaldomagalhaes.com.br\/index.php\/2017\/08\/17\/homem-mata-amigo-fere-dois-e-comete\/","title":{"rendered":"Homem mata amigo, fere dois e comete suic\u00eddio em Caruaru"},"content":{"rendered":"<div class=\"separator\" style=\"clear: both; text-align: center;\">\n<a href=\"https:\/\/3.bp.blogspot.com\/-oEvTxNqQ8Js\/WZXUM8PLJEI\/AAAAAAAAb_k\/6WJREJA1aRMw6cf3wTMbWf5LQL1xshbAQCLcBGAs\/s1600\/crime%2B2.jpg\" imageanchor=\"1\" style=\"margin-left: 1em; margin-right: 1em;\"><img loading=\"lazy\" decoding=\"async\" border=\"0\" data-original-height=\"960\" data-original-width=\"540\" height=\"400\" src=\"http:\/\/blogdoedvaldomagalhaes.com.br\/wp-content\/uploads\/2017\/08\/crime2.jpg\" width=\"225\" \/><\/a><\/div>\n<div class=\"MsoNormal\" style=\"text-align: justify;\">\n<\/div>\n<div class=\"MsoNormal\" style=\"text-align: justify;\">\nEm um momento de f\u00faria, um<br \/>\nhomem atirou em tr\u00eas amigos e depois cometeu suic\u00eddio na manh\u00e3 desta<br \/>\nquinta-feira (17), em Caruaru. A trag\u00e9dia aconteceu no S\u00edtio Barbat\u00e3o, zona<br \/>\nrural do munic\u00edpio.<\/div>\n<div class=\"MsoNormal\" style=\"text-align: justify;\">\n<\/div>\n<div class=\"separator\" style=\"clear: both; text-align: center;\">\n<\/div>\n<p><\/p>\n<div class=\"MsoNormal\" style=\"text-align: justify;\">\nRonaldo Valdevino da Silva,<br \/>\n45 anos, baleou Jair Ferreira de Lima e Jo\u00e3o Batista de Lima, que foram<br \/>\nsocorridos para o Hospital Regional do Agreste. Em seguida, o homem matou com<br \/>\num tiro Diogo Leandro da Silva, 33 anos.<\/div>\n<div class=\"MsoNormal\" style=\"text-align: justify;\">\n<\/div>\n<div class=\"MsoNormal\" style=\"text-align: justify;\">\nAp\u00f3s os disparos, Valdevino<br \/>\nsaiu em uma motocicleta e, a menos de um km da trag\u00e9dia, cometeu suic\u00eddio com<br \/>\num tiro na cabe\u00e7a. As v\u00edtimas estavam trabalhando no momento do ataque. Acusado e v\u00edtimas tinham grau de parentesco.<\/div>\n<div class=\"MsoNormal\" style=\"text-align: justify;\">\n<\/div>\n<div class=\"separator\" style=\"clear: both; text-align: center;\">\n<a href=\"https:\/\/4.bp.blogspot.com\/-EpQJ7sYTc90\/WZXUQHVLgyI\/AAAAAAAAb_o\/VKCr6qa3omspcJ8khO5_Z_lGVDKRdVGQgCLcBGAs\/s1600\/crime.jpg\" imageanchor=\"1\" style=\"margin-left: 1em; margin-right: 1em;\"><img loading=\"lazy\" decoding=\"async\" border=\"0\" data-original-height=\"960\" data-original-width=\"540\" height=\"400\" src=\"http:\/\/blogdoedvaldomagalhaes.com.br\/wp-content\/uploads\/2017\/08\/crime-1.jpg\" width=\"225\" \/><\/a><\/div>\n<p><\/p>\n<div class=\"MsoNormal\" style=\"text-align: justify;\">\n<\/div>\n<div class=\"MsoNormal\" style=\"text-align: justify;\">\nAinda n\u00e3o h\u00e1 informa\u00e7\u00f5es<br \/>\nsobre a motiva\u00e7\u00e3o do crime. Todos eram amigos, segundo moradores da localidade.<br \/>\nO corpo de Diogo Leandro foi encaminhado para o Instituto de Medicina Legal<br \/>\n(IML).<\/div>\n","protected":false},"excerpt":{"rendered":"<p>Em um momento de f\u00faria, um homem atirou em tr\u00eas amigos e depois cometeu suic\u00eddio na manh\u00e3 desta quinta-feira (17),&hellip;<\/p>\n","protected":false},"author":1,"featured_media":0,"comment_status":"open","ping_status":"open","sticky":false,"template":"","format":"standard","meta":{"footnotes":""},"categories":[1],"tags":[2,6496,6497,3186,13],"class_list":["post-5030","post","type-post","status-publish","format-standard","hentry","category-sem-categoria","tag-blog-do-edvaldo-magalhaes","tag-fere-dois-e-comete-suicidio-em-caruaru","tag-homem-mata-amigo","tag-noticias-policiais-de-caruaru","tag-policial"],"_links":{"self":[{"href":"https:\/\/blogdoedvaldomagalhaes.com.br\/index.php\/wp-json\/wp\/v2\/posts\/5030","targetHints":{"allow":["GET"]}}],"collection":[{"href":"https:\/\/blogdoedvaldomagalhaes.com.br\/index.php\/wp-json\/wp\/v2\/posts"}],"about":[{"href":"https:\/\/blogdoedvaldomagalhaes.com.br\/index.php\/wp-json\/wp\/v2\/types\/post"}],"author":[{"embeddable":true,"href":"https:\/\/blogdoedvaldomagalhaes.com.br\/index.php\/wp-json\/wp\/v2\/users\/1"}],"replies":[{"embeddable":true,"href":"https:\/\/blogdoedvaldomagalhaes.com.br\/index.php\/wp-json\/wp\/v2\/comments?post=5030"}],"version-history":[{"count":1,"href":"https:\/\/blogdoedvaldomagalhaes.com.br\/index.php\/wp-json\/wp\/v2\/posts\/5030\/revisions"}],"predecessor-version":[{"id":23261,"href":"https:\/\/blogdoedvaldomagalhaes.com.br\/index.php\/wp-json\/wp\/v2\/posts\/5030\/revisions\/23261"}],"wp:attachment":[{"href":"https:\/\/blogdoedvaldomagalhaes.com.br\/index.php\/wp-json\/wp\/v2\/media?parent=5030"}],"wp:term":[{"taxonomy":"category","embeddable":true,"href":"https:\/\/blogdoedvaldomagalhaes.com.br\/index.php\/wp-json\/wp\/v2\/categories?post=5030"},{"taxonomy":"post_tag","embeddable":true,"href":"https:\/\/blogdoedvaldomagalhaes.com.br\/index.php\/wp-json\/wp\/v2\/tags?post=5030"}],"curies":[{"name":"wp","href":"https:\/\/api.w.org\/{rel}","templated":true}]}}