{"id":503,"date":"2018-12-06T13:26:00","date_gmt":"2018-12-06T15:26:00","guid":{"rendered":"http:\/\/blogdoedvaldomagalhaes.com.br\/index.php\/2018\/12\/06\/4bpm-promove-curso-de-pais-e-filhos-e\/"},"modified":"2019-02-09T02:44:41","modified_gmt":"2019-02-09T04:44:41","slug":"4bpm-promove-curso-de-pais-e-filhos-e","status":"publish","type":"post","link":"https:\/\/blogdoedvaldomagalhaes.com.br\/index.php\/2018\/12\/06\/4bpm-promove-curso-de-pais-e-filhos-e\/","title":{"rendered":"4\u00b0BPM promove Curso de Pais e Filhos em escolas de Caruaru"},"content":{"rendered":"<div class=\"separator\" style=\"clear: both; text-align: center;\">\n<a href=\"https:\/\/1.bp.blogspot.com\/-lF2plNnBnw8\/XAki1Z0IadI\/AAAAAAAA_I0\/HT_E9n9LimgReJqLdRfkQyyszUKu-TxaQCLcBGAs\/s1600\/bpm%2B1.jpg\" imageanchor=\"1\" style=\"margin-left: 1em; margin-right: 1em;\"><img loading=\"lazy\" decoding=\"async\" border=\"0\" data-original-height=\"540\" data-original-width=\"960\" height=\"360\" src=\"http:\/\/blogdoedvaldomagalhaes.com.br\/wp-content\/uploads\/2018\/12\/bpm1.jpg\" width=\"640\" \/><\/a><\/div>\n<div class=\"separator\" style=\"clear: both; text-align: center;\">\nFotos: PMPE\/Divulga\u00e7\u00e3o<\/div>\n<div style=\"text-align: justify;\">\n<\/div>\n<div style=\"text-align: justify;\">\nNa noite dessa quarta-feira (05), policiais militares do 4\u00b0BPM realizaram palestra na Escola Municipal Dom Bernardino Marchi\u00f3, no Alto do Moura, em Caruaru, que faz parte do Curso de Pais e Filhos.<\/div>\n<div style=\"text-align: justify;\">\n<\/div>\n<div class=\"separator\" style=\"clear: both; text-align: center;\">\n<a href=\"https:\/\/3.bp.blogspot.com\/-Jse5YZlodns\/XAkjgmpCn1I\/AAAAAAAA_I8\/pFArDmTEhZQ0RLlQyAgAdQwvFklLsfUqQCLcBGAs\/s1600\/bpm%2B2.jpg\" imageanchor=\"1\" style=\"margin-left: 1em; margin-right: 1em;\"><img loading=\"lazy\" decoding=\"async\" border=\"0\" data-original-height=\"720\" data-original-width=\"960\" height=\"480\" src=\"http:\/\/blogdoedvaldomagalhaes.com.br\/wp-content\/uploads\/2018\/12\/bpm2.jpg\" width=\"640\" \/><\/a><\/div>\n<div style=\"text-align: justify;\">\n<\/div>\n<div style=\"text-align: justify;\">\nFoi o primeiro de um total de 4 encontros com os pais e 10 com os filhos. O objetivo do evento \u00e9 orientar os pais dos alunos a lidar com a tem\u00e1tica viol\u00eancia e drogas, disseminando a cultura da paz social e do pertencimento escolar.<\/div>\n<div style=\"text-align: justify;\">\n<br \/>\nInforma\u00e7\u00f5es da PMPE.<\/div>\n","protected":false},"excerpt":{"rendered":"<p>Fotos: PMPE\/Divulga\u00e7\u00e3o Na noite dessa quarta-feira (05), policiais militares do 4\u00b0BPM realizaram palestra na Escola Municipal Dom Bernardino Marchi\u00f3, no&hellip;<\/p>\n","protected":false},"author":1,"featured_media":0,"comment_status":"open","ping_status":"open","sticky":false,"template":"","format":"standard","meta":{"footnotes":""},"categories":[1],"tags":[414,2,13],"class_list":["post-503","post","type-post","status-publish","format-standard","hentry","category-sem-categoria","tag-4bpm-promove-curso-de-pais-e-filhos-em-escolas-de-caruaru","tag-blog-do-edvaldo-magalhaes","tag-policial"],"_links":{"self":[{"href":"https:\/\/blogdoedvaldomagalhaes.com.br\/index.php\/wp-json\/wp\/v2\/posts\/503","targetHints":{"allow":["GET"]}}],"collection":[{"href":"https:\/\/blogdoedvaldomagalhaes.com.br\/index.php\/wp-json\/wp\/v2\/posts"}],"about":[{"href":"https:\/\/blogdoedvaldomagalhaes.com.br\/index.php\/wp-json\/wp\/v2\/types\/post"}],"author":[{"embeddable":true,"href":"https:\/\/blogdoedvaldomagalhaes.com.br\/index.php\/wp-json\/wp\/v2\/users\/1"}],"replies":[{"embeddable":true,"href":"https:\/\/blogdoedvaldomagalhaes.com.br\/index.php\/wp-json\/wp\/v2\/comments?post=503"}],"version-history":[{"count":1,"href":"https:\/\/blogdoedvaldomagalhaes.com.br\/index.php\/wp-json\/wp\/v2\/posts\/503\/revisions"}],"predecessor-version":[{"id":36542,"href":"https:\/\/blogdoedvaldomagalhaes.com.br\/index.php\/wp-json\/wp\/v2\/posts\/503\/revisions\/36542"}],"wp:attachment":[{"href":"https:\/\/blogdoedvaldomagalhaes.com.br\/index.php\/wp-json\/wp\/v2\/media?parent=503"}],"wp:term":[{"taxonomy":"category","embeddable":true,"href":"https:\/\/blogdoedvaldomagalhaes.com.br\/index.php\/wp-json\/wp\/v2\/categories?post=503"},{"taxonomy":"post_tag","embeddable":true,"href":"https:\/\/blogdoedvaldomagalhaes.com.br\/index.php\/wp-json\/wp\/v2\/tags?post=503"}],"curies":[{"name":"wp","href":"https:\/\/api.w.org\/{rel}","templated":true}]}}