{"id":50289,"date":"2020-01-04T11:04:56","date_gmt":"2020-01-04T14:04:56","guid":{"rendered":"http:\/\/blogdoedvaldomagalhaes.com.br\/?p=50289"},"modified":"2020-01-04T11:04:59","modified_gmt":"2020-01-04T14:04:59","slug":"pm-apreende-armas-e-municoes-com-ex-presidiario-em-gravata","status":"publish","type":"post","link":"https:\/\/blogdoedvaldomagalhaes.com.br\/index.php\/2020\/01\/04\/pm-apreende-armas-e-municoes-com-ex-presidiario-em-gravata\/","title":{"rendered":"PM apreende armas e muni\u00e7\u00f5es com ex-presidi\u00e1rio em Gravat\u00e1"},"content":{"rendered":"<p style=\"text-align: justify;\">Nessa sexta-feira (03), por volta das 11h30, na Rua Daniel Pereira Sena, em Gravat\u00e1, equipes da 5\u00aa CIPM efetuavam rondas quando visualizaram um homem, de 28 anos, em frente a uma resid\u00eancia. Ao perceber a presen\u00e7a do policiamento, ele saiu correndo com intuito de entrar na casa, por\u00e9m foi alcan\u00e7ado e, quando questionado sobre sua atitude, disse ser ex-presidi\u00e1rio e que estava com um aparelho celular com restri\u00e7\u00e3o por roubo\/furto. Foi feita a consulta do IMEI, sendo constatada a veracidade da informa\u00e7\u00e3o. Quando questionado se possuiria mais algum produto il\u00edcito em sua resid\u00eancia, o envolvido informou que tinha duas espingardas de press\u00e3o no local.<\/p>\n<p style=\"text-align: justify;\">Diante da fundada suspeita, e com a devida autoriza\u00e7\u00e3o, foi feita uma busca na casa, onde foram encontrados, por cima da parede, tr\u00eas fundos falsos nos tijolos, sendo localizada, em seu interior, a quantia de R$1.205,00; um rev\u00f3lver calibre 38; 27 muni\u00e7\u00f5es calibre 28, intactas; uma muni\u00e7\u00e3o calibre 22, intacta; duas espingardas de press\u00e3o, sendo uma longa e uma curta ; bem como tr\u00eas aparelhos celulares que o suspeito afirmou serem produtos de roubo.<\/p>\n<p style=\"text-align: justify;\">Diante dos fatos, o material apreendido foi encaminhado a DPC de Plant\u00e3o de Gravat\u00e1, onde o imputado foi autuado em flagrante.<\/p>\n\n\n<figure class=\"wp-block-image size-large\"><img loading=\"lazy\" decoding=\"async\" width=\"908\" height=\"756\" src=\"http:\/\/blogdoedvaldomagalhaes.com.br\/wp-content\/uploads\/2020\/01\/IMG-20200104-WA0075.jpg\" alt=\"\" class=\"wp-image-50291\" srcset=\"https:\/\/blogdoedvaldomagalhaes.com.br\/wp-content\/uploads\/2020\/01\/IMG-20200104-WA0075.jpg 908w, https:\/\/blogdoedvaldomagalhaes.com.br\/wp-content\/uploads\/2020\/01\/IMG-20200104-WA0075-300x250.jpg 300w, https:\/\/blogdoedvaldomagalhaes.com.br\/wp-content\/uploads\/2020\/01\/IMG-20200104-WA0075-768x639.jpg 768w\" sizes=\"auto, (max-width: 908px) 100vw, 908px\" \/><\/figure>\n","protected":false},"excerpt":{"rendered":"<p>Nessa sexta-feira (03), por volta das 11h30, na Rua Daniel Pereira Sena, em Gravat\u00e1, equipes da 5\u00aa CIPM efetuavam rondas&hellip;<\/p>\n","protected":false},"author":1,"featured_media":50290,"comment_status":"open","ping_status":"open","sticky":false,"template":"","format":"standard","meta":{"footnotes":""},"categories":[14121],"tags":[2,16881,16990],"class_list":["post-50289","post","type-post","status-publish","format-standard","has-post-thumbnail","hentry","category-policial","tag-blog-do-edvaldo-magalhaes","tag-caruaru-e-regiao","tag-pm-apreende-armas-e-municoes-com-ex-presidiario-em-gravata"],"_links":{"self":[{"href":"https:\/\/blogdoedvaldomagalhaes.com.br\/index.php\/wp-json\/wp\/v2\/posts\/50289","targetHints":{"allow":["GET"]}}],"collection":[{"href":"https:\/\/blogdoedvaldomagalhaes.com.br\/index.php\/wp-json\/wp\/v2\/posts"}],"about":[{"href":"https:\/\/blogdoedvaldomagalhaes.com.br\/index.php\/wp-json\/wp\/v2\/types\/post"}],"author":[{"embeddable":true,"href":"https:\/\/blogdoedvaldomagalhaes.com.br\/index.php\/wp-json\/wp\/v2\/users\/1"}],"replies":[{"embeddable":true,"href":"https:\/\/blogdoedvaldomagalhaes.com.br\/index.php\/wp-json\/wp\/v2\/comments?post=50289"}],"version-history":[{"count":1,"href":"https:\/\/blogdoedvaldomagalhaes.com.br\/index.php\/wp-json\/wp\/v2\/posts\/50289\/revisions"}],"predecessor-version":[{"id":50292,"href":"https:\/\/blogdoedvaldomagalhaes.com.br\/index.php\/wp-json\/wp\/v2\/posts\/50289\/revisions\/50292"}],"wp:featuredmedia":[{"embeddable":true,"href":"https:\/\/blogdoedvaldomagalhaes.com.br\/index.php\/wp-json\/wp\/v2\/media\/50290"}],"wp:attachment":[{"href":"https:\/\/blogdoedvaldomagalhaes.com.br\/index.php\/wp-json\/wp\/v2\/media?parent=50289"}],"wp:term":[{"taxonomy":"category","embeddable":true,"href":"https:\/\/blogdoedvaldomagalhaes.com.br\/index.php\/wp-json\/wp\/v2\/categories?post=50289"},{"taxonomy":"post_tag","embeddable":true,"href":"https:\/\/blogdoedvaldomagalhaes.com.br\/index.php\/wp-json\/wp\/v2\/tags?post=50289"}],"curies":[{"name":"wp","href":"https:\/\/api.w.org\/{rel}","templated":true}]}}