{"id":50284,"date":"2020-01-03T23:13:50","date_gmt":"2020-01-04T02:13:50","guid":{"rendered":"http:\/\/blogdoedvaldomagalhaes.com.br\/?p=50284"},"modified":"2020-01-03T23:16:58","modified_gmt":"2020-01-04T02:16:58","slug":"prefeitura-de-caruaru-recebe-quase-5-milhoes-de-reais-do-pre-sal","status":"publish","type":"post","link":"https:\/\/blogdoedvaldomagalhaes.com.br\/index.php\/2020\/01\/03\/prefeitura-de-caruaru-recebe-quase-5-milhoes-de-reais-do-pre-sal\/","title":{"rendered":"Prefeitura de Caruaru recebe quase 5 milh\u00f5es de reais do pr\u00e9-sal"},"content":{"rendered":"<p style=\"text-align: justify;\">No \u00faltimo dia 30 de dezembro, o governo federal repassou para estados e prefeituras recursos referentes ao leil\u00e3o do pr\u00e9-sal. A orienta\u00e7\u00e3o do governo \u00e9 de que o dinheiro s\u00f3 pode ser aplicado na previd\u00eancia e investimentos em infraestrutura.<\/p>\n<p style=\"text-align: justify;\">Em Pernambuco, j\u00e1 est\u00e3o na conta do governo do Estado e das prefeituras a soma de 508 milh\u00f5es de reais. Destes valores, as prefeituras v\u00e3o dividir R$ 261 milh\u00f5es, enquanto o governo do estado recebeu outros R$ 247 milh\u00f5es. A prefeitura de Caruaru ir\u00e1 receber quase 5 milh\u00f5es de reais.<\/p>\n<p style=\"text-align: justify;\">\u201cPor meio deste recurso, estaremos utilizando efetivamente o valor para pagamento de previd\u00eancia e investimentos de infraestrutura pela cidade. Esse recurso extra ajudar\u00e1 o munic\u00edpio a come\u00e7ar o ano de 2020 com as finan\u00e7as mais organizadas\u201d, afirmou o secret\u00e1rio da Fazenda, Diogo Bezerra. A Prefeitura de Caruaru recebeu quase cinco milh\u00f5es de reais.<\/p>\n<p>Foto: Wesley Souza.<\/p>\n","protected":false},"excerpt":{"rendered":"<p>No \u00faltimo dia 30 de dezembro, o governo federal repassou para estados e prefeituras recursos referentes ao leil\u00e3o do pr\u00e9-sal.&hellip;<\/p>\n","protected":false},"author":1,"featured_media":50285,"comment_status":"open","ping_status":"open","sticky":false,"template":"","format":"standard","meta":{"footnotes":""},"categories":[14120],"tags":[2,16881,16989],"class_list":["post-50284","post","type-post","status-publish","format-standard","has-post-thumbnail","hentry","category-noticias","tag-blog-do-edvaldo-magalhaes","tag-caruaru-e-regiao","tag-prefeitura-de-caruaru-recebe-quase-5-milhoes-de-reais-do-pre-sal"],"_links":{"self":[{"href":"https:\/\/blogdoedvaldomagalhaes.com.br\/index.php\/wp-json\/wp\/v2\/posts\/50284","targetHints":{"allow":["GET"]}}],"collection":[{"href":"https:\/\/blogdoedvaldomagalhaes.com.br\/index.php\/wp-json\/wp\/v2\/posts"}],"about":[{"href":"https:\/\/blogdoedvaldomagalhaes.com.br\/index.php\/wp-json\/wp\/v2\/types\/post"}],"author":[{"embeddable":true,"href":"https:\/\/blogdoedvaldomagalhaes.com.br\/index.php\/wp-json\/wp\/v2\/users\/1"}],"replies":[{"embeddable":true,"href":"https:\/\/blogdoedvaldomagalhaes.com.br\/index.php\/wp-json\/wp\/v2\/comments?post=50284"}],"version-history":[{"count":2,"href":"https:\/\/blogdoedvaldomagalhaes.com.br\/index.php\/wp-json\/wp\/v2\/posts\/50284\/revisions"}],"predecessor-version":[{"id":50287,"href":"https:\/\/blogdoedvaldomagalhaes.com.br\/index.php\/wp-json\/wp\/v2\/posts\/50284\/revisions\/50287"}],"wp:featuredmedia":[{"embeddable":true,"href":"https:\/\/blogdoedvaldomagalhaes.com.br\/index.php\/wp-json\/wp\/v2\/media\/50285"}],"wp:attachment":[{"href":"https:\/\/blogdoedvaldomagalhaes.com.br\/index.php\/wp-json\/wp\/v2\/media?parent=50284"}],"wp:term":[{"taxonomy":"category","embeddable":true,"href":"https:\/\/blogdoedvaldomagalhaes.com.br\/index.php\/wp-json\/wp\/v2\/categories?post=50284"},{"taxonomy":"post_tag","embeddable":true,"href":"https:\/\/blogdoedvaldomagalhaes.com.br\/index.php\/wp-json\/wp\/v2\/tags?post=50284"}],"curies":[{"name":"wp","href":"https:\/\/api.w.org\/{rel}","templated":true}]}}