{"id":50278,"date":"2020-01-03T17:25:51","date_gmt":"2020-01-03T20:25:51","guid":{"rendered":"http:\/\/blogdoedvaldomagalhaes.com.br\/?p=50278"},"modified":"2020-01-03T17:25:51","modified_gmt":"2020-01-03T20:25:51","slug":"famosos-no-jogo-do-bem-na-arena-de-pernambuco-vai-arrecadar-donativos","status":"publish","type":"post","link":"https:\/\/blogdoedvaldomagalhaes.com.br\/index.php\/2020\/01\/03\/famosos-no-jogo-do-bem-na-arena-de-pernambuco-vai-arrecadar-donativos\/","title":{"rendered":"Famosos no Jogo do Bem na Arena de Pernambuco vai arrecadar donativos"},"content":{"rendered":"<p style=\"text-align: justify;\"><span style=\"font-size: inherit;\">No pr\u00f3ximo dia 8 de janeiro, \u00e0s 20h, uma grande estrela entra em campo na Arena de Pernambuco: a solidariedade. A terceira edi\u00e7\u00e3o do Jogo do Bem unir\u00e1 nomes da m\u00fasica, esporte e entretenimento para um partida festiva em prol de institui\u00e7\u00f5es de caridade da Regi\u00e3o Metropolitana do Recife.<\/span><\/p>\n<p style=\"text-align: justify;\">Entre os nomes convocados, ex-atletas como Carlinhos Bala, com passagens nos tr\u00eas grandes clubes da capital; Ara\u00fajo, ex-atacante do N\u00e1utico; Sandro, ex-zagueiro de Sport e Santa Cruz, e Josu\u00e9, ex-S\u00e3o Paulo e que defendeu a Sele\u00e7\u00e3o Brasileira na Copa do Mundo de 2010. Os atletas Felipe Silva e Rafael Padilha, ambos da Sele\u00e7\u00e3o Brasileira de beach soccer tamb\u00e9m marcam presen\u00e7a. Al\u00e9m deles, figuras da m\u00fasica como os MCs Sheldon, Elvis, Troia e Jap\u00e3o, al\u00e9m dos cantores Nando Cordel e Geraldinho Lins, fazem parte da festa.<\/p>\n<p style=\"text-align: justify;\">Outros famosos, como os jornalistas Fl\u00e1vio Barra, Tiago Medeiros e Maciel J\u00fanior, o humorista Rodrigo Marques, o rep\u00f3rter Lucas Strabko, conhecido como Cartolouco, e os blogueiros Breno Melo, da p\u00e1gina Bode Gaiato, e Nilsinho, do Fuleragem FC, tamb\u00e9m prestigiam o evento beneficente.<\/p>\n<p style=\"text-align: justify;\">\u201cO Governo do Estado, atrav\u00e9s da Arena de Pernambuco, abre seu calend\u00e1rio de eventos em 2020 com uma bela demonstra\u00e7\u00e3o de generosidade. No gramado, entram cantores, ex- atletas, famosos da internet, mas junto a eles uma corrente de amor ao pr\u00f3ximo preenche as arquibancadas\u201d, afirmou o secret\u00e1rio de Turismo e Lazer de Pernambuco, Rodrigo Novaes.<\/p>\n<p style=\"text-align: justify;\">Os ingresso custam R$ 5 + um quilo de alimento n\u00e3o perec\u00edvel &#8211; crian\u00e7a de at\u00e9 7 anos n\u00e3o paga. O acesso ser\u00e1 realizado pelos port\u00f5es C, D, H, I, M, P, T e V.<\/p>\n<p style=\"text-align: justify;\">O montante e os materiais arrecadados ser\u00e3o destinados a quatro institui\u00e7\u00f5es: Love F\u00fatbol, que constr\u00f3i campos de futebol em comunidades carentes, AMAR, respons\u00e1vel por auxiliar crian\u00e7as portadoras de microcefalia, Associa\u00e7\u00e3o Afeto, dedicada \u00e0 busca de tratamentos de qualidade \u00e0s crian\u00e7as que sofrem de autismo e \u00e0 ONG Doutores da Felicidade, grupo atuante em hospitais da cidade.<\/p>\n<p style=\"text-align: justify;\">PONTOS DE VENDA<\/p>\n<p style=\"text-align: justify;\">Imp\u00e9rio Cell Benfica (Rua Benfica, 831 &#8211; Madalena, Recife-PE) &#8211; segunda a sexta, das 8h \u00e0s 17h.<\/p>\n<p style=\"text-align: justify;\">Cia. Fit Academia Unidade Caxang\u00e1 (Avenida do Forte, 477) &#8211; segunda a s\u00e1bado, das 8h \u00e0s 18h.<\/p>\n<p style=\"text-align: justify;\">Excelsior Seguros (Avenida Marqu\u00eas de Olinda, 175, bairro do Recife) &#8211; segunda a sexta, das 8h \u00e0s 16h.<\/p>\n<p style=\"text-align: justify;\">Academia No Stop Fit (Avenida Caxang\u00e1, 5542, Caxang\u00e1, Recife-PE) &#8211; segunda a quinta: 5h30-23h; segunda a sexta: 5h30-22h; s\u00e1bado, 8h-13h<\/p>\n<p style=\"text-align: justify;\">Loja BSW (Avenida Afonso Olindense, 996, Loja 5, V\u00e1rzea, Recife-PE) &#8211; 8h \u00e0s 18h.<\/p>\n<p style=\"text-align: justify;\">Loja Divine (Avenida Dr. Francisco Correia de Ara\u00fajo, 02, S\u00e3o Louren\u00e7o da Mata-PE) &#8211; Segunda a sexta: 8h30 \u00e0s 17h30; s\u00e1bado: 8h30 \u00e0s 13h.<\/p>\n<p style=\"text-align: justify;\">Loja Imprime Barato (Avenida Dr. Pedro Augusto Correia de Ara\u00fajo, parte interna do Hiper Todo Dia, S\u00e3o Louren\u00e7o da Mata-PE) &#8211; 8h \u00e0s 21h.<\/p>\n<p style=\"text-align: justify;\">Barbearia Sr. Bigode (Avenida Belmiro Correia, 767, Centro, Camaragibe-PE) Segunda a s\u00e1bado, das 9h \u00e0s 18h.<\/p>\n<p style=\"text-align: justify;\">Microtec (Avenida Dolores Duran, 29, Curado 2, Jaboat\u00e3o dos Guararapes-PE) Segunda a quinta: 10h \u00e0s 22h; Sexta:10h \u00e0s 23h; S\u00e1bado e domingo: 15h \u00e0s 23h.<\/p>\n<p style=\"text-align: justify;\">Arena de Pernambuco &#8211; No dia do jogo, a partir das 15h.<\/p>\n<p style=\"text-align: justify;\">QUEM VAI ENTRAR EM CAMPO<\/p>\n<p style=\"text-align: justify;\">Cartolouco (Cartola FC e Sportv)<br \/>Flavio Barra (Apresentador)<br \/>Rodrigo Marques (A Culpa \u00c9 do Cabral)<br \/>Sandro Barbosa (ex-Sport)<br \/>Ara\u00fajo (Ex-Atl\u00e9tico MG e Goi\u00e1s)<br \/>Felipe Silva (sele\u00e7\u00e3o brasileira de beach soccer)<br \/>Rafael Padilha (sele\u00e7\u00e3o brasileira de beach soccer)<br \/>Anderson Dias (196 sonhos)<br \/>Marcos Ded\u00e9 (@essediafoifoda)<br \/>Nilsinho (Fuleragem FC)<br \/>Carlinhos Bala<br \/>Kuki<br \/>Chiquinho<br \/>Z\u00e9 do Carmo<br \/>Canibal<br \/>Breno Melo (@bodegaiato)<br \/>Nando Cordel<br \/>Geraldinho Lins<br \/>Tiago Medeiros (Globo)<br \/>\u00cdtalo Senna (Comediante)<br \/>Tuca Noronha (Empres\u00e1rio)<br \/>Maciel Junior (R\u00e1dio Jornal)<br \/>Carllyle Paes Barreto (Jornal do Commercio)<br \/>Fred Figueir\u00f4a<br \/>Dudu do Acordeon <br \/>MC Elvis <br \/>Nilsinho (@fuleragemfc)<br \/>MC Troinha<br \/>MC Sheldon<br \/>MC Jap\u00e3o<\/p>\n\n\n<figure class=\"wp-block-image size-large\"><img loading=\"lazy\" decoding=\"async\" width=\"1024\" height=\"682\" src=\"http:\/\/blogdoedvaldomagalhaes.com.br\/wp-content\/uploads\/2020\/01\/IMG-20200103-WA0504.jpg\" alt=\"\" class=\"wp-image-50280\" srcset=\"https:\/\/blogdoedvaldomagalhaes.com.br\/wp-content\/uploads\/2020\/01\/IMG-20200103-WA0504.jpg 1024w, https:\/\/blogdoedvaldomagalhaes.com.br\/wp-content\/uploads\/2020\/01\/IMG-20200103-WA0504-300x200.jpg 300w, https:\/\/blogdoedvaldomagalhaes.com.br\/wp-content\/uploads\/2020\/01\/IMG-20200103-WA0504-768x512.jpg 768w\" sizes=\"auto, (max-width: 1024px) 100vw, 1024px\" \/><\/figure>\n\n\n\n<figure class=\"wp-block-image size-large\"><img loading=\"lazy\" decoding=\"async\" width=\"960\" height=\"634\" src=\"http:\/\/blogdoedvaldomagalhaes.com.br\/wp-content\/uploads\/2020\/01\/IMG-20200103-WA0505.jpg\" alt=\"\" class=\"wp-image-50281\" srcset=\"https:\/\/blogdoedvaldomagalhaes.com.br\/wp-content\/uploads\/2020\/01\/IMG-20200103-WA0505.jpg 960w, https:\/\/blogdoedvaldomagalhaes.com.br\/wp-content\/uploads\/2020\/01\/IMG-20200103-WA0505-300x198.jpg 300w, https:\/\/blogdoedvaldomagalhaes.com.br\/wp-content\/uploads\/2020\/01\/IMG-20200103-WA0505-768x507.jpg 768w\" sizes=\"auto, (max-width: 960px) 100vw, 960px\" \/><\/figure>\n\n\n","protected":false},"excerpt":{"rendered":"<p>No pr\u00f3ximo dia 8 de janeiro, \u00e0s 20h, uma grande estrela entra em campo na Arena de Pernambuco: a solidariedade.&hellip;<\/p>\n","protected":false},"author":1,"featured_media":50279,"comment_status":"open","ping_status":"open","sticky":false,"template":"","format":"standard","meta":{"footnotes":""},"categories":[14123],"tags":[2,16881,16988],"class_list":["post-50278","post","type-post","status-publish","format-standard","has-post-thumbnail","hentry","category-futebol","tag-blog-do-edvaldo-magalhaes","tag-caruaru-e-regiao","tag-famosos-no-jogo-do-bem-na-arena-de-pernambuco-vai-arrecadar-donativos"],"_links":{"self":[{"href":"https:\/\/blogdoedvaldomagalhaes.com.br\/index.php\/wp-json\/wp\/v2\/posts\/50278","targetHints":{"allow":["GET"]}}],"collection":[{"href":"https:\/\/blogdoedvaldomagalhaes.com.br\/index.php\/wp-json\/wp\/v2\/posts"}],"about":[{"href":"https:\/\/blogdoedvaldomagalhaes.com.br\/index.php\/wp-json\/wp\/v2\/types\/post"}],"author":[{"embeddable":true,"href":"https:\/\/blogdoedvaldomagalhaes.com.br\/index.php\/wp-json\/wp\/v2\/users\/1"}],"replies":[{"embeddable":true,"href":"https:\/\/blogdoedvaldomagalhaes.com.br\/index.php\/wp-json\/wp\/v2\/comments?post=50278"}],"version-history":[{"count":1,"href":"https:\/\/blogdoedvaldomagalhaes.com.br\/index.php\/wp-json\/wp\/v2\/posts\/50278\/revisions"}],"predecessor-version":[{"id":50282,"href":"https:\/\/blogdoedvaldomagalhaes.com.br\/index.php\/wp-json\/wp\/v2\/posts\/50278\/revisions\/50282"}],"wp:featuredmedia":[{"embeddable":true,"href":"https:\/\/blogdoedvaldomagalhaes.com.br\/index.php\/wp-json\/wp\/v2\/media\/50279"}],"wp:attachment":[{"href":"https:\/\/blogdoedvaldomagalhaes.com.br\/index.php\/wp-json\/wp\/v2\/media?parent=50278"}],"wp:term":[{"taxonomy":"category","embeddable":true,"href":"https:\/\/blogdoedvaldomagalhaes.com.br\/index.php\/wp-json\/wp\/v2\/categories?post=50278"},{"taxonomy":"post_tag","embeddable":true,"href":"https:\/\/blogdoedvaldomagalhaes.com.br\/index.php\/wp-json\/wp\/v2\/tags?post=50278"}],"curies":[{"name":"wp","href":"https:\/\/api.w.org\/{rel}","templated":true}]}}