{"id":50270,"date":"2020-01-03T17:04:32","date_gmt":"2020-01-03T20:04:32","guid":{"rendered":"http:\/\/blogdoedvaldomagalhaes.com.br\/?p=50270"},"modified":"2020-01-03T17:04:34","modified_gmt":"2020-01-03T20:04:34","slug":"ultimos-dias-de-decoracao-natalina-em-caruaru","status":"publish","type":"post","link":"https:\/\/blogdoedvaldomagalhaes.com.br\/index.php\/2020\/01\/03\/ultimos-dias-de-decoracao-natalina-em-caruaru\/","title":{"rendered":"\u00daltimos dias de decora\u00e7\u00e3o natalina em Caruaru"},"content":{"rendered":"<p style=\"text-align: justify;\">Quem n\u00e3o conseguiu registrar a decora\u00e7\u00e3o natalina em Caruaru ainda tem uma \u00faltima oportunidade: a desmontagem ser\u00e1 feita a partir de 6 de janeiro, pr\u00f3xima segunda, Dia de Reis. Pontos como a Pra\u00e7a do Ros\u00e1rio, o Monte Bom Jesus e Casa Museu Mestre Vitalino receberam uma ilumina\u00e7\u00e3o especial.<\/p>\n<p style=\"text-align: justify;\">Em 2019, a decora\u00e7\u00e3o natalina contou com elementos art\u00edsticos baseados nos folguedos e brincantes da cultura nordestina, abrindo espa\u00e7o para os artistas locais. A identidade visual teve como base gr\u00e1fica os famosos cord\u00e9is e suas xilogravuras.<\/p>\n\n\n<figure class=\"wp-block-image size-large\"><img loading=\"lazy\" decoding=\"async\" width=\"799\" height=\"533\" src=\"http:\/\/blogdoedvaldomagalhaes.com.br\/wp-content\/uploads\/2020\/01\/IMG-20200103-WA0500.jpg\" alt=\"\" class=\"wp-image-50272\" srcset=\"https:\/\/blogdoedvaldomagalhaes.com.br\/wp-content\/uploads\/2020\/01\/IMG-20200103-WA0500.jpg 799w, https:\/\/blogdoedvaldomagalhaes.com.br\/wp-content\/uploads\/2020\/01\/IMG-20200103-WA0500-300x200.jpg 300w, https:\/\/blogdoedvaldomagalhaes.com.br\/wp-content\/uploads\/2020\/01\/IMG-20200103-WA0500-768x512.jpg 768w\" sizes=\"auto, (max-width: 799px) 100vw, 799px\" \/><\/figure>\n\n\n\n<figure class=\"wp-block-image size-large\"><img loading=\"lazy\" decoding=\"async\" width=\"799\" height=\"533\" src=\"http:\/\/blogdoedvaldomagalhaes.com.br\/wp-content\/uploads\/2020\/01\/IMG-20200103-WA0501.jpg\" alt=\"\" class=\"wp-image-50273\" srcset=\"https:\/\/blogdoedvaldomagalhaes.com.br\/wp-content\/uploads\/2020\/01\/IMG-20200103-WA0501.jpg 799w, https:\/\/blogdoedvaldomagalhaes.com.br\/wp-content\/uploads\/2020\/01\/IMG-20200103-WA0501-300x200.jpg 300w, https:\/\/blogdoedvaldomagalhaes.com.br\/wp-content\/uploads\/2020\/01\/IMG-20200103-WA0501-768x512.jpg 768w\" sizes=\"auto, (max-width: 799px) 100vw, 799px\" \/><figcaption>Fotos: Jana\u00edna Pepeu <\/figcaption><\/figure>\n","protected":false},"excerpt":{"rendered":"<p>Quem n\u00e3o conseguiu registrar a decora\u00e7\u00e3o natalina em Caruaru ainda tem uma \u00faltima oportunidade: a desmontagem ser\u00e1 feita a partir&hellip;<\/p>\n","protected":false},"author":1,"featured_media":50271,"comment_status":"open","ping_status":"open","sticky":false,"template":"","format":"standard","meta":{"footnotes":""},"categories":[14120],"tags":[2,16881,16986],"class_list":["post-50270","post","type-post","status-publish","format-standard","has-post-thumbnail","hentry","category-noticias","tag-blog-do-edvaldo-magalhaes","tag-caruaru-e-regiao","tag-ultimos-dias-de-decoracao-natalina-em-caruaru"],"_links":{"self":[{"href":"https:\/\/blogdoedvaldomagalhaes.com.br\/index.php\/wp-json\/wp\/v2\/posts\/50270","targetHints":{"allow":["GET"]}}],"collection":[{"href":"https:\/\/blogdoedvaldomagalhaes.com.br\/index.php\/wp-json\/wp\/v2\/posts"}],"about":[{"href":"https:\/\/blogdoedvaldomagalhaes.com.br\/index.php\/wp-json\/wp\/v2\/types\/post"}],"author":[{"embeddable":true,"href":"https:\/\/blogdoedvaldomagalhaes.com.br\/index.php\/wp-json\/wp\/v2\/users\/1"}],"replies":[{"embeddable":true,"href":"https:\/\/blogdoedvaldomagalhaes.com.br\/index.php\/wp-json\/wp\/v2\/comments?post=50270"}],"version-history":[{"count":1,"href":"https:\/\/blogdoedvaldomagalhaes.com.br\/index.php\/wp-json\/wp\/v2\/posts\/50270\/revisions"}],"predecessor-version":[{"id":50274,"href":"https:\/\/blogdoedvaldomagalhaes.com.br\/index.php\/wp-json\/wp\/v2\/posts\/50270\/revisions\/50274"}],"wp:featuredmedia":[{"embeddable":true,"href":"https:\/\/blogdoedvaldomagalhaes.com.br\/index.php\/wp-json\/wp\/v2\/media\/50271"}],"wp:attachment":[{"href":"https:\/\/blogdoedvaldomagalhaes.com.br\/index.php\/wp-json\/wp\/v2\/media?parent=50270"}],"wp:term":[{"taxonomy":"category","embeddable":true,"href":"https:\/\/blogdoedvaldomagalhaes.com.br\/index.php\/wp-json\/wp\/v2\/categories?post=50270"},{"taxonomy":"post_tag","embeddable":true,"href":"https:\/\/blogdoedvaldomagalhaes.com.br\/index.php\/wp-json\/wp\/v2\/tags?post=50270"}],"curies":[{"name":"wp","href":"https:\/\/api.w.org\/{rel}","templated":true}]}}