{"id":50267,"date":"2020-01-03T16:51:35","date_gmt":"2020-01-03T19:51:35","guid":{"rendered":"http:\/\/blogdoedvaldomagalhaes.com.br\/?p=50267"},"modified":"2020-01-03T16:51:40","modified_gmt":"2020-01-03T19:51:40","slug":"confira-as-atracoes-da-tradicional-festa-de-santos-reis-em-cupira","status":"publish","type":"post","link":"https:\/\/blogdoedvaldomagalhaes.com.br\/index.php\/2020\/01\/03\/confira-as-atracoes-da-tradicional-festa-de-santos-reis-em-cupira\/","title":{"rendered":"Confira as atra\u00e7\u00f5es da tradicional Festa de Santos Reis em Cupira"},"content":{"rendered":"<p style=\"text-align: justify;\">A Secretaria Municipal de Cultura, Turismo e Desporto Amador de Cupira realiza a tradicional festa de Santos Reis. A grade de shows das festividades de Santos Reis inclui artistas locais, regionais e atra\u00e7\u00f5es de n\u00edvel nacional. O evento ser\u00e1 realizado nos dias 04, 05 e 06 de janeiro. Shows a partir das 20h30, no largo da Rodovi\u00e1ria:<\/p>\n<p style=\"text-align: justify;\">Dia 04: L\u00e9o Magalh\u00e3es, Megga Star e Dani Aguiar;<br \/>\nDia 05: Eduarda Alves, Lucas Costa e Benil e Banda;<br \/>\nDia 06: Thullio Milion\u00e1rio, Vumbora e Iago Lopes.<\/p>\n<p style=\"text-align: justify;\">Os shows ser\u00e3o realizados no Largo da Rodovi\u00e1ria, com in\u00edcio \u00e0s 20h30h. Al\u00e9m da programa\u00e7\u00e3o realizada pela Secretaria Municipal de Cultura, Turismo e Desporto Amador, a Igreja Matriz S\u00e3o Jo\u00e3o Batista realizar\u00e1 prociss\u00e3o e missa de Santos Reis, no 06 de janeiro, a partir das 16h30, nas principais ruas da cidade.<\/p>\n","protected":false},"excerpt":{"rendered":"<p>A Secretaria Municipal de Cultura, Turismo e Desporto Amador de Cupira realiza a tradicional festa de Santos Reis. A grade&hellip;<\/p>\n","protected":false},"author":1,"featured_media":50268,"comment_status":"open","ping_status":"open","sticky":false,"template":"","format":"standard","meta":{"footnotes":""},"categories":[14120],"tags":[2,16881,16985],"class_list":["post-50267","post","type-post","status-publish","format-standard","has-post-thumbnail","hentry","category-noticias","tag-blog-do-edvaldo-magalhaes","tag-caruaru-e-regiao","tag-confira-as-atracoes-da-tradicional-festa-de-santos-reis-em-cupira"],"_links":{"self":[{"href":"https:\/\/blogdoedvaldomagalhaes.com.br\/index.php\/wp-json\/wp\/v2\/posts\/50267","targetHints":{"allow":["GET"]}}],"collection":[{"href":"https:\/\/blogdoedvaldomagalhaes.com.br\/index.php\/wp-json\/wp\/v2\/posts"}],"about":[{"href":"https:\/\/blogdoedvaldomagalhaes.com.br\/index.php\/wp-json\/wp\/v2\/types\/post"}],"author":[{"embeddable":true,"href":"https:\/\/blogdoedvaldomagalhaes.com.br\/index.php\/wp-json\/wp\/v2\/users\/1"}],"replies":[{"embeddable":true,"href":"https:\/\/blogdoedvaldomagalhaes.com.br\/index.php\/wp-json\/wp\/v2\/comments?post=50267"}],"version-history":[{"count":1,"href":"https:\/\/blogdoedvaldomagalhaes.com.br\/index.php\/wp-json\/wp\/v2\/posts\/50267\/revisions"}],"predecessor-version":[{"id":50269,"href":"https:\/\/blogdoedvaldomagalhaes.com.br\/index.php\/wp-json\/wp\/v2\/posts\/50267\/revisions\/50269"}],"wp:featuredmedia":[{"embeddable":true,"href":"https:\/\/blogdoedvaldomagalhaes.com.br\/index.php\/wp-json\/wp\/v2\/media\/50268"}],"wp:attachment":[{"href":"https:\/\/blogdoedvaldomagalhaes.com.br\/index.php\/wp-json\/wp\/v2\/media?parent=50267"}],"wp:term":[{"taxonomy":"category","embeddable":true,"href":"https:\/\/blogdoedvaldomagalhaes.com.br\/index.php\/wp-json\/wp\/v2\/categories?post=50267"},{"taxonomy":"post_tag","embeddable":true,"href":"https:\/\/blogdoedvaldomagalhaes.com.br\/index.php\/wp-json\/wp\/v2\/tags?post=50267"}],"curies":[{"name":"wp","href":"https:\/\/api.w.org\/{rel}","templated":true}]}}