{"id":50260,"date":"2020-01-03T16:42:12","date_gmt":"2020-01-03T19:42:12","guid":{"rendered":"http:\/\/blogdoedvaldomagalhaes.com.br\/?p=50260"},"modified":"2020-01-03T16:42:14","modified_gmt":"2020-01-03T19:42:14","slug":"mais-de-meia-tonelada-de-creme-de-leite-e-queijo-sem-refrigeracao-e-apreendida-em-garanhuns","status":"publish","type":"post","link":"https:\/\/blogdoedvaldomagalhaes.com.br\/index.php\/2020\/01\/03\/mais-de-meia-tonelada-de-creme-de-leite-e-queijo-sem-refrigeracao-e-apreendida-em-garanhuns\/","title":{"rendered":"Mais de meia tonelada de creme de leite e queijo sem refrigera\u00e7\u00e3o \u00e9 apreendida em Garanhuns"},"content":{"rendered":"<p style=\"text-align: justify;\"><span style=\"font-size: inherit;\">Uma carga de 532 kg de creme de leite e 197 kg de queijo sem refrigera\u00e7\u00e3o foi apreendida nesta sexta-feira (03), pela Pol\u00edcia Rodovi\u00e1ria Federal (PRF), na BR 423, em Garanhuns, no Agreste de Pernambuco. Os produtos n\u00e3o possu\u00edam registro no \u00f3rg\u00e3o agropecu\u00e1rio e eram transportados em baldes e recipientes pl\u00e1sticos, na carroceria de um caminh\u00e3o.<\/span><\/p>\n<p style=\"text-align: justify;\">Durante uma fiscaliza\u00e7\u00e3o no quil\u00f4metro 99 da rodovia, policiais abordaram um caminh\u00e3o que transportava um grande dep\u00f3sito de metal. Ao verificar o compartimento de carga, foram encontrados recipientes com creme de leite, 100 kg de queijo coalho e 97,4 kg de queijo de manteiga, sem a refrigera\u00e7\u00e3o necess\u00e1ria para conservar a qualidade do latic\u00ednio.<\/p>\n<p style=\"text-align: justify;\">O motorista, de 45 anos, informou que os produtos haviam sa\u00eddo de Capoeiras, no Agreste de Pernambuco, e seriam entregues em Paranatama, na mesma regi\u00e3o. A mercadoria foi encaminhada \u00e0 Ag\u00eancia de Defesa e Fiscaliza\u00e7\u00e3o Agropecu\u00e1ria (ADAGRO), para as provid\u00eancias cab\u00edveis.<\/p>\n\n\n<figure class=\"wp-block-image size-large\"><img loading=\"lazy\" decoding=\"async\" width=\"1024\" height=\"576\" src=\"http:\/\/blogdoedvaldomagalhaes.com.br\/wp-content\/uploads\/2020\/01\/IMG-20200103-WA0487-1024x576.jpg\" alt=\"\" class=\"wp-image-50262\" srcset=\"https:\/\/blogdoedvaldomagalhaes.com.br\/wp-content\/uploads\/2020\/01\/IMG-20200103-WA0487-1024x576.jpg 1024w, https:\/\/blogdoedvaldomagalhaes.com.br\/wp-content\/uploads\/2020\/01\/IMG-20200103-WA0487-300x169.jpg 300w, https:\/\/blogdoedvaldomagalhaes.com.br\/wp-content\/uploads\/2020\/01\/IMG-20200103-WA0487-768x432.jpg 768w, https:\/\/blogdoedvaldomagalhaes.com.br\/wp-content\/uploads\/2020\/01\/IMG-20200103-WA0487-1140x641.jpg 1140w, https:\/\/blogdoedvaldomagalhaes.com.br\/wp-content\/uploads\/2020\/01\/IMG-20200103-WA0487-720x405.jpg 720w, https:\/\/blogdoedvaldomagalhaes.com.br\/wp-content\/uploads\/2020\/01\/IMG-20200103-WA0487.jpg 1280w\" sizes=\"auto, (max-width: 1024px) 100vw, 1024px\" \/><\/figure>\n\n\n\n<figure class=\"wp-block-image size-large\"><img loading=\"lazy\" decoding=\"async\" width=\"1024\" height=\"768\" src=\"http:\/\/blogdoedvaldomagalhaes.com.br\/wp-content\/uploads\/2020\/01\/IMG-20200103-WA0484-1024x768.jpg\" alt=\"\" class=\"wp-image-50263\" srcset=\"https:\/\/blogdoedvaldomagalhaes.com.br\/wp-content\/uploads\/2020\/01\/IMG-20200103-WA0484-1024x768.jpg 1024w, https:\/\/blogdoedvaldomagalhaes.com.br\/wp-content\/uploads\/2020\/01\/IMG-20200103-WA0484-300x225.jpg 300w, https:\/\/blogdoedvaldomagalhaes.com.br\/wp-content\/uploads\/2020\/01\/IMG-20200103-WA0484-768x576.jpg 768w, https:\/\/blogdoedvaldomagalhaes.com.br\/wp-content\/uploads\/2020\/01\/IMG-20200103-WA0484-160x120.jpg 160w, https:\/\/blogdoedvaldomagalhaes.com.br\/wp-content\/uploads\/2020\/01\/IMG-20200103-WA0484.jpg 1152w\" sizes=\"auto, (max-width: 1024px) 100vw, 1024px\" \/><\/figure>\n\n\n\n<figure class=\"wp-block-image size-large\"><img loading=\"lazy\" decoding=\"async\" width=\"1024\" height=\"768\" src=\"http:\/\/blogdoedvaldomagalhaes.com.br\/wp-content\/uploads\/2020\/01\/IMG-20200103-WA0485-1024x768.jpg\" alt=\"\" class=\"wp-image-50264\" srcset=\"https:\/\/blogdoedvaldomagalhaes.com.br\/wp-content\/uploads\/2020\/01\/IMG-20200103-WA0485-1024x768.jpg 1024w, https:\/\/blogdoedvaldomagalhaes.com.br\/wp-content\/uploads\/2020\/01\/IMG-20200103-WA0485-300x225.jpg 300w, https:\/\/blogdoedvaldomagalhaes.com.br\/wp-content\/uploads\/2020\/01\/IMG-20200103-WA0485-768x576.jpg 768w, https:\/\/blogdoedvaldomagalhaes.com.br\/wp-content\/uploads\/2020\/01\/IMG-20200103-WA0485-160x120.jpg 160w, https:\/\/blogdoedvaldomagalhaes.com.br\/wp-content\/uploads\/2020\/01\/IMG-20200103-WA0485.jpg 1152w\" sizes=\"auto, (max-width: 1024px) 100vw, 1024px\" \/><\/figure>\n\n\n\n<figure class=\"wp-block-image size-large\"><img loading=\"lazy\" decoding=\"async\" width=\"576\" height=\"1024\" src=\"http:\/\/blogdoedvaldomagalhaes.com.br\/wp-content\/uploads\/2020\/01\/IMG-20200103-WA0488-576x1024.jpg\" alt=\"\" class=\"wp-image-50265\" srcset=\"https:\/\/blogdoedvaldomagalhaes.com.br\/wp-content\/uploads\/2020\/01\/IMG-20200103-WA0488-576x1024.jpg 576w, https:\/\/blogdoedvaldomagalhaes.com.br\/wp-content\/uploads\/2020\/01\/IMG-20200103-WA0488-169x300.jpg 169w, https:\/\/blogdoedvaldomagalhaes.com.br\/wp-content\/uploads\/2020\/01\/IMG-20200103-WA0488.jpg 720w\" sizes=\"auto, (max-width: 576px) 100vw, 576px\" \/><figcaption>Informa\u00e7\u00f5es e fotos: PRF<\/figcaption><\/figure>\n","protected":false},"excerpt":{"rendered":"<p>Uma carga de 532 kg de creme de leite e 197 kg de queijo sem refrigera\u00e7\u00e3o foi apreendida nesta sexta-feira&hellip;<\/p>\n","protected":false},"author":1,"featured_media":50261,"comment_status":"open","ping_status":"open","sticky":false,"template":"","format":"standard","meta":{"footnotes":""},"categories":[14121],"tags":[2,16881,16984],"class_list":["post-50260","post","type-post","status-publish","format-standard","has-post-thumbnail","hentry","category-policial","tag-blog-do-edvaldo-magalhaes","tag-caruaru-e-regiao","tag-mais-de-meia-tonelada-de-creme-de-leite-e-queijo-sem-refrigeracao-e-apreendida-em-garanhuns"],"_links":{"self":[{"href":"https:\/\/blogdoedvaldomagalhaes.com.br\/index.php\/wp-json\/wp\/v2\/posts\/50260","targetHints":{"allow":["GET"]}}],"collection":[{"href":"https:\/\/blogdoedvaldomagalhaes.com.br\/index.php\/wp-json\/wp\/v2\/posts"}],"about":[{"href":"https:\/\/blogdoedvaldomagalhaes.com.br\/index.php\/wp-json\/wp\/v2\/types\/post"}],"author":[{"embeddable":true,"href":"https:\/\/blogdoedvaldomagalhaes.com.br\/index.php\/wp-json\/wp\/v2\/users\/1"}],"replies":[{"embeddable":true,"href":"https:\/\/blogdoedvaldomagalhaes.com.br\/index.php\/wp-json\/wp\/v2\/comments?post=50260"}],"version-history":[{"count":1,"href":"https:\/\/blogdoedvaldomagalhaes.com.br\/index.php\/wp-json\/wp\/v2\/posts\/50260\/revisions"}],"predecessor-version":[{"id":50266,"href":"https:\/\/blogdoedvaldomagalhaes.com.br\/index.php\/wp-json\/wp\/v2\/posts\/50260\/revisions\/50266"}],"wp:featuredmedia":[{"embeddable":true,"href":"https:\/\/blogdoedvaldomagalhaes.com.br\/index.php\/wp-json\/wp\/v2\/media\/50261"}],"wp:attachment":[{"href":"https:\/\/blogdoedvaldomagalhaes.com.br\/index.php\/wp-json\/wp\/v2\/media?parent=50260"}],"wp:term":[{"taxonomy":"category","embeddable":true,"href":"https:\/\/blogdoedvaldomagalhaes.com.br\/index.php\/wp-json\/wp\/v2\/categories?post=50260"},{"taxonomy":"post_tag","embeddable":true,"href":"https:\/\/blogdoedvaldomagalhaes.com.br\/index.php\/wp-json\/wp\/v2\/tags?post=50260"}],"curies":[{"name":"wp","href":"https:\/\/api.w.org\/{rel}","templated":true}]}}