{"id":50256,"date":"2020-01-03T09:04:36","date_gmt":"2020-01-03T12:04:36","guid":{"rendered":"http:\/\/blogdoedvaldomagalhaes.com.br\/?p=50256"},"modified":"2020-01-03T11:21:51","modified_gmt":"2020-01-03T14:21:51","slug":"saiba-o-que-os-gestores-podem-solicitar-na-lista-de-material-escolar","status":"publish","type":"post","link":"https:\/\/blogdoedvaldomagalhaes.com.br\/index.php\/2020\/01\/03\/saiba-o-que-os-gestores-podem-solicitar-na-lista-de-material-escolar\/","title":{"rendered":"Saiba o que os gestores podem solicitar na lista de material escolar"},"content":{"rendered":"<p style=\"text-align: justify;\">\u00c9 direito das institui\u00e7\u00f5es de ensino particulares solicitarem uma lista com materiais escolares para cada aluno antes do in\u00edcio do ano letivo. Os gestores e diretores de escolas privadas devem ficar atentos aos materiais que s\u00e3o garantidos por lei como direito das unidades para que as atividades pedag\u00f3gicas do ano letivo possam ser executadas pelos estudantes.<\/p>\n<p style=\"text-align: justify;\">De acordo com a legisla\u00e7\u00e3o educacional, os gestores das escolas particulares podem requerer os materiais que ser\u00e3o utilizados para as atividades pedag\u00f3gicas di\u00e1rias do aluno, como o l\u00e1pis, caneta, borracha, papel sulfite, cola, tinta guache, etc. N\u00e3o pode ser incluso na lista, materiais de uso comum (papel higi\u00eanico, copos descart\u00e1veis, giz, produtos de higiene, limpeza, atividade de laborat\u00f3rio, etc.), nem os utilizados na \u00e1rea administrativa, muito menos taxas para suprir despesas com \u00e1gua, luz e telefone.<\/p>\n<p style=\"text-align: justify;\">E \u00e9 devido a m\u00e1 conduta de algumas unidades de ensino, que os pais e respons\u00e1veis acabam arcando com despesas que s\u00e3o obriga\u00e7\u00f5es da escola. O advogado, Luiz T\u00f4rres Neto, explica que os gestores devem ficar atentos aos materiais que podem ser solicitados e as quantidades para evitar problemas com os pais e respons\u00e1veis.<\/p>\n<p style=\"text-align: justify;\">\u201c\u00c9 muito importante que os gestores das escolas tenham em m\u00e3os a lista dos materiais que s\u00e3o direito das unidades de ensino, e que s\u00e3o solicitados para que os pais e respons\u00e1veis tenham a garantia que os alunos participar\u00e3o das atividades pedag\u00f3gicas tranquilamente. Al\u00e9m disso, os gestores devem buscar evitar ao m\u00e1ximo outras pr\u00e1ticas que podem contrariar a lei, como a obriga\u00e7\u00e3o de comprar marcas espec\u00edficas e a aquisi\u00e7\u00e3o dos materiais na pr\u00f3pria escola, o que configuraria venda casada\u201d, destaca Luiz.<\/p>\n<p style=\"text-align: justify;\">Confira a lista e a quantidade de materiais que s\u00e3o de direito dos gestores e podem ser solicitados pelas escolas:<\/p>\n<p style=\"text-align: justify;\">At\u00e9 02 (duas) resmas de papel of\u00edcio, branco ou colorido, a crit\u00e9rio da institui\u00e7\u00e3o de ensino, por ano letivo;<\/p>\n<p style=\"text-align: justify;\">At\u00e9 02 (dois) rolos de Fitas adesivas coloridas, por ano letivo;<\/p>\n<p style=\"text-align: justify;\">At\u00e9 02 (duas) folhas de isopor, por ano letivo;<\/p>\n<p style=\"text-align: justify;\">At\u00e9 01 (um) pacote de Algod\u00e3o, por ano letivo;<\/p>\n<p style=\"text-align: justify;\">At\u00e9 04 (quatro) folhas de cartolina, branca ou colorida, a crit\u00e9rio da institui\u00e7\u00e3o de ensino, por ano letivo;<\/p>\n<p style=\"text-align: justify;\">At\u00e9 01 (um) pacote de canudinhos coloridos, por ano letivo;<\/p>\n<p style=\"text-align: justify;\">At\u00e9 01 (um) pacote de palito de picol\u00e9, por ano letivo;<\/p>\n<p style=\"text-align: justify;\">At\u00e9 02 (dois) Pinc\u00e9is para pintura, por ano letivo;<\/p>\n<p style=\"text-align: justify;\">At\u00e9 04 (quatro) tubos de tintas, cujas cores poder\u00e3o ser definidas pelas institui\u00e7\u00f5es de ensino, por ano letivo;<\/p>\n<p style=\"text-align: justify;\">At\u00e9 02 (dois) pacotes de massa de modelar, por ano letivo;<\/p>\n<p style=\"text-align: justify;\">At\u00e9 02 (dois) Hqs ou livros paradid\u00e1ticos, por ano letivo;<\/p>\n<p style=\"text-align: justify;\">Por Mikhael Marcolino\/Jornalista.<\/p>\n","protected":false},"excerpt":{"rendered":"<p>\u00c9 direito das institui\u00e7\u00f5es de ensino particulares solicitarem uma lista com materiais escolares para cada aluno antes do in\u00edcio do&hellip;<\/p>\n","protected":false},"author":1,"featured_media":50257,"comment_status":"open","ping_status":"open","sticky":false,"template":"","format":"standard","meta":{"footnotes":""},"categories":[14120],"tags":[2,16881,192],"class_list":["post-50256","post","type-post","status-publish","format-standard","has-post-thumbnail","hentry","category-noticias","tag-blog-do-edvaldo-magalhaes","tag-caruaru-e-regiao","tag-saiba-o-que-os-gestores-podem-solicitar-na-lista-de-material-escolar"],"_links":{"self":[{"href":"https:\/\/blogdoedvaldomagalhaes.com.br\/index.php\/wp-json\/wp\/v2\/posts\/50256","targetHints":{"allow":["GET"]}}],"collection":[{"href":"https:\/\/blogdoedvaldomagalhaes.com.br\/index.php\/wp-json\/wp\/v2\/posts"}],"about":[{"href":"https:\/\/blogdoedvaldomagalhaes.com.br\/index.php\/wp-json\/wp\/v2\/types\/post"}],"author":[{"embeddable":true,"href":"https:\/\/blogdoedvaldomagalhaes.com.br\/index.php\/wp-json\/wp\/v2\/users\/1"}],"replies":[{"embeddable":true,"href":"https:\/\/blogdoedvaldomagalhaes.com.br\/index.php\/wp-json\/wp\/v2\/comments?post=50256"}],"version-history":[{"count":2,"href":"https:\/\/blogdoedvaldomagalhaes.com.br\/index.php\/wp-json\/wp\/v2\/posts\/50256\/revisions"}],"predecessor-version":[{"id":50259,"href":"https:\/\/blogdoedvaldomagalhaes.com.br\/index.php\/wp-json\/wp\/v2\/posts\/50256\/revisions\/50259"}],"wp:featuredmedia":[{"embeddable":true,"href":"https:\/\/blogdoedvaldomagalhaes.com.br\/index.php\/wp-json\/wp\/v2\/media\/50257"}],"wp:attachment":[{"href":"https:\/\/blogdoedvaldomagalhaes.com.br\/index.php\/wp-json\/wp\/v2\/media?parent=50256"}],"wp:term":[{"taxonomy":"category","embeddable":true,"href":"https:\/\/blogdoedvaldomagalhaes.com.br\/index.php\/wp-json\/wp\/v2\/categories?post=50256"},{"taxonomy":"post_tag","embeddable":true,"href":"https:\/\/blogdoedvaldomagalhaes.com.br\/index.php\/wp-json\/wp\/v2\/tags?post=50256"}],"curies":[{"name":"wp","href":"https:\/\/api.w.org\/{rel}","templated":true}]}}