{"id":50252,"date":"2020-01-03T08:53:11","date_gmt":"2020-01-03T11:53:11","guid":{"rendered":"http:\/\/blogdoedvaldomagalhaes.com.br\/?p=50252"},"modified":"2020-01-03T08:55:55","modified_gmt":"2020-01-03T11:55:55","slug":"brincando-nas-ferias-2020-abre-inscricoes-em-sete-cidades-do-interior-confira","status":"publish","type":"post","link":"https:\/\/blogdoedvaldomagalhaes.com.br\/index.php\/2020\/01\/03\/brincando-nas-ferias-2020-abre-inscricoes-em-sete-cidades-do-interior-confira\/","title":{"rendered":"Brincando nas F\u00e9rias 2020 abre inscri\u00e7\u00f5es em sete cidades do interior; Confira"},"content":{"rendered":"<p style=\"text-align: justify;\"><span style=\"font-size: inherit;\">As unidades do Sesc, localizadas no interior de Pernambuco, est\u00e3o com inscri\u00e7\u00f5es abertas para a edi\u00e7\u00e3o 2020 do Brincando nas F\u00e9rias. H\u00e1 vagas dispon\u00edveis no Sesc Caruaru, Pesqueira, Garanhuns, Arcoverde, Surubim, Bu\u00edque e Belo Jardim. Este ano, o projeto inicia no dia 13, com o tema: \u201c\u00c9 coisa de outro mundo\u201d, que visa estimular o trabalho manual, a mem\u00f3ria, os jogos teatrais, o corpo e o ritmo atrav\u00e9s das atividades norteadas nos subtemas: \u201cO mundo primitivo\u201d, \u201cO mundo dos contos\u201d, \u201cOs grandes mares\u201d, \u201cDesbravando as gal\u00e1xias\u201d e \u201cMundo misterioso\u201d. As reservas podem ser feitas no Ponto de Atendimento de cada unidade a partir desta quinta-feira (02\/01). Crian\u00e7as com mais de cinco anos podem participar.<\/span><\/p>\n<p style=\"text-align: justify;\">Em Caruaru, Surubim, Belo Jardim, Garanhuns e Arcoverde a programa\u00e7\u00e3o vai de 13 a 17 de janeiro. Nas unidades de Bu\u00edque e Pesqueira, as atividades ser\u00e3o de 20 a 24 do mesmo m\u00eas. \u201cSer\u00e3o realizados desafios, oficinas e brincadeiras voltados para a tem\u00e1tica\u201d, explica a coordenadora regional de Recrea\u00e7\u00e3o do Sesc em Pernambuco, Jeane Karla Albuquerque.<\/p>\n<p style=\"text-align: justify;\">A taxa de inscri\u00e7\u00e3o para o BNF em Caruaru custa R$ 220 e inclui camisa, almo\u00e7o e material para participar das oficinas. Em Surubim e Belo Jardim, a entrada \u00e9 de R$ 130, que d\u00e1 direito a camisa e almo\u00e7o. A inscri\u00e7\u00e3o em Garanhuns \u00e9 R$ 160, com direito a camisa, almo\u00e7o e lanche. Em Arcoverde, a entrada para a semana de atividades \u00e9 de R$ 200, que contempla o almo\u00e7o. Nestas unidades, o Brincando ser\u00e1 realizado o dia inteiro. Em Bu\u00edque e Pesqueira o investimento \u00e9 de R$ 80. Os hor\u00e1rios das atividades s\u00e3o diferentes: Bu\u00edque ter\u00e1 programa\u00e7\u00e3o das 8h \u00e0s 12h na segunda, ter\u00e7a e quinta; e das 9h \u00e0s 17h, na quarta e sexta; enquanto Pesqueira ser\u00e1 no turno da manh\u00e3 em todos os dias. Em todas as unidades, h\u00e1 desconto de 50% para os dependentes dos trabalhadores do com\u00e9rcio de bens, servi\u00e7os e turismo.<\/p>\n<p style=\"text-align: justify;\">*Sesc* \u2013 O Servi\u00e7o Social do Com\u00e9rcio (Sesc) foi criado em 1946. Em Pernambuco, iniciou suas atividades em 1947. Oferece para os funcion\u00e1rios do com\u00e9rcio de bens, servi\u00e7os e turismo, bem como para o p\u00fablico geral, a pre\u00e7os m\u00f3dicos ou gratuitamente, atividades nas \u00e1reas de educa\u00e7\u00e3o, sa\u00fade, cultura, recrea\u00e7\u00e3o, esporte, turismo e assist\u00eancia social. Atualmente, existem 21 unidades do Sesc do Litoral ao Sert\u00e3o do estado, incluindo dois hot\u00e9is, em Garanhuns e Triunfo, e o Centro de Produ\u00e7\u00e3o Cultural e Neg\u00f3cios do Sesc, em Garanhuns. Essas unidades disp\u00f5em de escolas, equipamentos culturais (como teatros e galerias de arte), restaurantes, academias, quadras poliesportivas, campos de futebol, entre outros espa\u00e7os e projetos. Para conhecer cada unidade, os projetos ou acessar a programa\u00e7\u00e3o do m\u00eas do Sesc em Pernambuco, basta acessar www.sescpe.org.br.<\/p>\n<p style=\"text-align: justify;\">Servi\u00e7o \u2013 Inscri\u00e7\u00f5es para o Brincando nas F\u00e9rias<\/p>\n<p style=\"text-align: justify;\">ARCOVERDE<br \/>\nData: 13 a 17 de janeiro<br \/>\nLocal: Sesc Arcoverde \u2013 Rua Arlindo Pacheco de Albuquerque, 364 &#8211; Centro<br \/>\nHor\u00e1rio: 10h \u00e0s 18h<br \/>\nFaixa et\u00e1ria: de 5 a 12 anos<br \/>\nPre\u00e7os: R$ 100 (dependentes) \/ R$ 200 (p\u00fablico geral)<br \/>\nInforma\u00e7\u00f5es: (87) 3821-0864<\/p>\n<p style=\"text-align: justify;\">BELO JARDIM<br \/>\nData: 13 a 17 de janeiro<br \/>\nLocal: Rua Pedro Leite Cavalcante, s\/n \u2013 Cohab II<br \/>\nHor\u00e1rio: 9h \u00e0s 16h<br \/>\nFaixa et\u00e1ria: de 5 a 13 anos<br \/>\nPre\u00e7os: R$ 65 (dependentes) \/ R$ 130 (p\u00fablico geral)<br \/>\nInforma\u00e7\u00f5es: (81) 3726-1576<\/p>\n<p style=\"text-align: justify;\">BU\u00cdQUE<br \/>\nData: de 20 a 24 de janeiro<br \/>\nLocal: Rua Projetada, s\/n \u2013 Frei Dami\u00e3o<br \/>\nHor\u00e1rio: das 8h \u00e0s 12h (seg, ter, qui) \/ 9h \u00e0s 17h (qua e sex)<br \/>\nFaixa et\u00e1ria: de 5 a 12 anos<br \/>\nPre\u00e7os: R$ 40 (dependentes) \/ R$ 80 (p\u00fablico geral)<br \/>\nInforma\u00e7\u00f5es: (87) 3855-2230<\/p>\n<p style=\"text-align: justify;\">CARUARU<br \/>\nData: de 13 a 17 de janeiro<br \/>\nLocal: Rua Rui Limeira Rosal, s\/n &#8211; Petr\u00f3polis<br \/>\nHor\u00e1rio: das 8h \u00e0s 17h<br \/>\nFaixa et\u00e1ria: de 5 a 12 anos<br \/>\nPre\u00e7os: R$ 110 (dependentes) \/ R$ 220 + R$ 8 (confec\u00e7\u00e3o da carteira do Sesc) (p\u00fablico geral)<br \/>\nInforma\u00e7\u00f5es: (81) 3721-3967<\/p>\n<p style=\"text-align: justify;\">GARANHUNS<br \/>\nData: 13 a 17 de janeiro<br \/>\nLocal: Rua Manoel Clemente, 136 &#8211; Centro<br \/>\nHor\u00e1rio: 9h \u00e0s 16h<br \/>\nFaixa et\u00e1ria: de 5 a 10 anos<br \/>\nPre\u00e7os: R$ 80 (dependentes) \/ R$ 160 (p\u00fablico geral)<br \/>\nInforma\u00e7\u00f5es: (87) 3761-2658<\/p>\n<p style=\"text-align: justify;\">PESQUEIRA<br \/>\nData: 20 a 24 de janeiro<br \/>\nLocal: Avenida Luiz de Almeida Maciel, s\/n \u2013 Baixa Grande<br \/>\nHor\u00e1rio: 8h \u00e0s 12h<br \/>\nFaixa et\u00e1ria: de 5 a 12 anos<br \/>\nPre\u00e7os: R$ 40 (dependentes) \/ R$ 80 (p\u00fablico geral)<br \/>\nInforma\u00e7\u00f5es: (87) 3835-1164<\/p>\n<p style=\"text-align: justify;\">SURUBIM<br \/>\nData: 13 a 17 de janeiro<br \/>\nLocal: Rua Frei Ibiapina, s\/n \u2013 S\u00e3o Jos\u00e9<br \/>\nHor\u00e1rio: 9h \u00e0s 16h<br \/>\nFaixa et\u00e1ria: de 5 a 10 anos<br \/>\nPre\u00e7os: R$ 65 (dependente) \/ R$ 130 (p\u00fablico geral)<br \/>\nInforma\u00e7\u00f5es: (81) 3634-5280<\/p>\n","protected":false},"excerpt":{"rendered":"<p>As unidades do Sesc, localizadas no interior de Pernambuco, est\u00e3o com inscri\u00e7\u00f5es abertas para a edi\u00e7\u00e3o 2020 do Brincando nas&hellip;<\/p>\n","protected":false},"author":1,"featured_media":50253,"comment_status":"open","ping_status":"open","sticky":false,"template":"","format":"standard","meta":{"footnotes":""},"categories":[14120],"tags":[2,16983,16881],"class_list":["post-50252","post","type-post","status-publish","format-standard","has-post-thumbnail","hentry","category-noticias","tag-blog-do-edvaldo-magalhaes","tag-brincando-nas-ferias-2020-abre-inscricoes-em-sete-cidades-do-interior-confira","tag-caruaru-e-regiao"],"_links":{"self":[{"href":"https:\/\/blogdoedvaldomagalhaes.com.br\/index.php\/wp-json\/wp\/v2\/posts\/50252","targetHints":{"allow":["GET"]}}],"collection":[{"href":"https:\/\/blogdoedvaldomagalhaes.com.br\/index.php\/wp-json\/wp\/v2\/posts"}],"about":[{"href":"https:\/\/blogdoedvaldomagalhaes.com.br\/index.php\/wp-json\/wp\/v2\/types\/post"}],"author":[{"embeddable":true,"href":"https:\/\/blogdoedvaldomagalhaes.com.br\/index.php\/wp-json\/wp\/v2\/users\/1"}],"replies":[{"embeddable":true,"href":"https:\/\/blogdoedvaldomagalhaes.com.br\/index.php\/wp-json\/wp\/v2\/comments?post=50252"}],"version-history":[{"count":2,"href":"https:\/\/blogdoedvaldomagalhaes.com.br\/index.php\/wp-json\/wp\/v2\/posts\/50252\/revisions"}],"predecessor-version":[{"id":50255,"href":"https:\/\/blogdoedvaldomagalhaes.com.br\/index.php\/wp-json\/wp\/v2\/posts\/50252\/revisions\/50255"}],"wp:featuredmedia":[{"embeddable":true,"href":"https:\/\/blogdoedvaldomagalhaes.com.br\/index.php\/wp-json\/wp\/v2\/media\/50253"}],"wp:attachment":[{"href":"https:\/\/blogdoedvaldomagalhaes.com.br\/index.php\/wp-json\/wp\/v2\/media?parent=50252"}],"wp:term":[{"taxonomy":"category","embeddable":true,"href":"https:\/\/blogdoedvaldomagalhaes.com.br\/index.php\/wp-json\/wp\/v2\/categories?post=50252"},{"taxonomy":"post_tag","embeddable":true,"href":"https:\/\/blogdoedvaldomagalhaes.com.br\/index.php\/wp-json\/wp\/v2\/tags?post=50252"}],"curies":[{"name":"wp","href":"https:\/\/api.w.org\/{rel}","templated":true}]}}