{"id":50249,"date":"2020-01-02T19:21:45","date_gmt":"2020-01-02T22:21:45","guid":{"rendered":"http:\/\/blogdoedvaldomagalhaes.com.br\/?p=50249"},"modified":"2020-01-02T19:21:50","modified_gmt":"2020-01-02T22:21:50","slug":"vice-campeao-estadual-de-2018-retorna-ao-central","status":"publish","type":"post","link":"https:\/\/blogdoedvaldomagalhaes.com.br\/index.php\/2020\/01\/02\/vice-campeao-estadual-de-2018-retorna-ao-central\/","title":{"rendered":"Vice-campe\u00e3o Estadual de 2018 retorna ao Central"},"content":{"rendered":"<p style=\"text-align: justify;\">Graciliano J\u00fanior Gon\u00e7alves, o Graxa, 26 anos, chega ao Central Sport Club para a temporada 2020.<\/p>\n<p style=\"text-align: justify;\">O volante atuou na categoria de base do S\u00e3o Jos\u00e9\/SP e no decorrer da carreira, tamb\u00e9m jogou no N\u00e1utico\/PE, Bragantino\/SP, Uni\u00e3o Barbarense\/SP, CRAC\/GO, Rio Branco\/AC, Mamor\u00e9\/MG e Real FC\/DF. No futebol europeu, o atleta defendeu o Marbella\/ESP. O \u00faltimo clube do meio-campista foi a Portuguesa\/SP.<\/p>\n<p style=\"text-align: justify;\">Em 2018, Graxa viveu o cap\u00edtulo especial na vida futebolista. Com a camisa do Alvinegro Caruaruense, o volante fez parte do elenco vice-campe\u00e3o no Campeonato Pernambucano, inclusive marcando um gol na \u00e9pica vit\u00f3ria do Maior do Interior sobre o N\u00e1utico no Lacerd\u00e3o, por 3 x 0.<\/p>\n<p style=\"text-align: justify;\">Graxa ser\u00e1 mais uma op\u00e7\u00e3o para o t\u00e9cnico Evandro Guimar\u00e3es, na temporada 2020, na qual, a Patativa do Agreste ir\u00e1 disputar o Estadual da primeira divis\u00e3o e o Brasileir\u00e3o da S\u00e9rie D.<\/p>\n<p style=\"text-align: justify;\">Informa\u00e7\u00f5es: Departamento de Comunica\u00e7\u00e3o do Central Sport Club.<\/p>\n","protected":false},"excerpt":{"rendered":"<p>Graciliano J\u00fanior Gon\u00e7alves, o Graxa, 26 anos, chega ao Central Sport Club para a temporada 2020. O volante atuou na&hellip;<\/p>\n","protected":false},"author":1,"featured_media":50250,"comment_status":"open","ping_status":"open","sticky":false,"template":"","format":"standard","meta":{"footnotes":""},"categories":[14124],"tags":[2,16982,16981],"class_list":["post-50249","post","type-post","status-publish","format-standard","has-post-thumbnail","hentry","category-centralsc","tag-blog-do-edvaldo-magalhaes","tag-caruaru-e-regia","tag-vice-campeao-estadual-de-2018-retorna-ao-central"],"_links":{"self":[{"href":"https:\/\/blogdoedvaldomagalhaes.com.br\/index.php\/wp-json\/wp\/v2\/posts\/50249","targetHints":{"allow":["GET"]}}],"collection":[{"href":"https:\/\/blogdoedvaldomagalhaes.com.br\/index.php\/wp-json\/wp\/v2\/posts"}],"about":[{"href":"https:\/\/blogdoedvaldomagalhaes.com.br\/index.php\/wp-json\/wp\/v2\/types\/post"}],"author":[{"embeddable":true,"href":"https:\/\/blogdoedvaldomagalhaes.com.br\/index.php\/wp-json\/wp\/v2\/users\/1"}],"replies":[{"embeddable":true,"href":"https:\/\/blogdoedvaldomagalhaes.com.br\/index.php\/wp-json\/wp\/v2\/comments?post=50249"}],"version-history":[{"count":1,"href":"https:\/\/blogdoedvaldomagalhaes.com.br\/index.php\/wp-json\/wp\/v2\/posts\/50249\/revisions"}],"predecessor-version":[{"id":50251,"href":"https:\/\/blogdoedvaldomagalhaes.com.br\/index.php\/wp-json\/wp\/v2\/posts\/50249\/revisions\/50251"}],"wp:featuredmedia":[{"embeddable":true,"href":"https:\/\/blogdoedvaldomagalhaes.com.br\/index.php\/wp-json\/wp\/v2\/media\/50250"}],"wp:attachment":[{"href":"https:\/\/blogdoedvaldomagalhaes.com.br\/index.php\/wp-json\/wp\/v2\/media?parent=50249"}],"wp:term":[{"taxonomy":"category","embeddable":true,"href":"https:\/\/blogdoedvaldomagalhaes.com.br\/index.php\/wp-json\/wp\/v2\/categories?post=50249"},{"taxonomy":"post_tag","embeddable":true,"href":"https:\/\/blogdoedvaldomagalhaes.com.br\/index.php\/wp-json\/wp\/v2\/tags?post=50249"}],"curies":[{"name":"wp","href":"https:\/\/api.w.org\/{rel}","templated":true}]}}