{"id":50244,"date":"2020-01-02T09:53:36","date_gmt":"2020-01-02T12:53:36","guid":{"rendered":"http:\/\/blogdoedvaldomagalhaes.com.br\/?p=50244"},"modified":"2020-01-02T09:53:43","modified_gmt":"2020-01-02T12:53:43","slug":"carga-de-cerveja-sem-nota-fiscal-e-apreendida-em-garanhuns","status":"publish","type":"post","link":"https:\/\/blogdoedvaldomagalhaes.com.br\/index.php\/2020\/01\/02\/carga-de-cerveja-sem-nota-fiscal-e-apreendida-em-garanhuns\/","title":{"rendered":"Carga de cerveja sem nota fiscal \u00e9 apreendida em Garanhuns"},"content":{"rendered":"<p style=\"text-align: justify;\">Mercadoria foi adquirida em um supermercado e seria entregue em Curitiba.<\/p>\n<p style=\"text-align: justify;\">Uma carga de mais de 95 mil latas de cerveja sem nota fiscal foi apreendida, na quarta-feira (01), pela Pol\u00edcia Rodovi\u00e1ria Federal (PRF), na BR 423, em Garanhuns, no Agreste de Pernambuco. A mercadoria havia sa\u00eddo de Natal, no Rio Grande do Norte, e seria entregue em Curitiba, no Paran\u00e1.<\/p>\n<p style=\"text-align: justify;\">Durante uma fiscaliza\u00e7\u00e3o no quil\u00f4metro 93 rodovia, policiais abordaram um caminh\u00e3o com placas do Paran\u00e1. Ao verificar o compartimento de carga, foram encontradas 7.920 caixas de cerveja sem a documenta\u00e7\u00e3o fiscal.<\/p>\n<p style=\"text-align: justify;\">O motorista informou que havia adquirido a mercadoria em um supermercado para entregar na capital paranaense.<\/p>\n<p style=\"text-align: justify;\">O ve\u00edculo foi conduzido ao p\u00e1tio e a ocorr\u00eancia foi encaminhada \u00e0 Secretaria da Fazenda de Pernambuco (SEFAZ-PE), para a ado\u00e7\u00e3o dos procedimentos cab\u00edveis.<\/p>\n\n\n<figure class=\"wp-block-image size-large\"><img loading=\"lazy\" decoding=\"async\" width=\"1024\" height=\"768\" src=\"http:\/\/blogdoedvaldomagalhaes.com.br\/wp-content\/uploads\/2020\/01\/IMG-20200102-WA0047-1024x768.jpg\" alt=\"\" class=\"wp-image-50246\" srcset=\"https:\/\/blogdoedvaldomagalhaes.com.br\/wp-content\/uploads\/2020\/01\/IMG-20200102-WA0047-1024x768.jpg 1024w, https:\/\/blogdoedvaldomagalhaes.com.br\/wp-content\/uploads\/2020\/01\/IMG-20200102-WA0047-300x225.jpg 300w, https:\/\/blogdoedvaldomagalhaes.com.br\/wp-content\/uploads\/2020\/01\/IMG-20200102-WA0047-768x576.jpg 768w, https:\/\/blogdoedvaldomagalhaes.com.br\/wp-content\/uploads\/2020\/01\/IMG-20200102-WA0047-160x120.jpg 160w, https:\/\/blogdoedvaldomagalhaes.com.br\/wp-content\/uploads\/2020\/01\/IMG-20200102-WA0047.jpg 1280w\" sizes=\"auto, (max-width: 1024px) 100vw, 1024px\" \/><\/figure>\n\n\n\n<figure class=\"wp-block-image size-large\"><img loading=\"lazy\" decoding=\"async\" width=\"1024\" height=\"768\" src=\"http:\/\/blogdoedvaldomagalhaes.com.br\/wp-content\/uploads\/2020\/01\/IMG-20200102-WA0048-1024x768.jpg\" alt=\"\" class=\"wp-image-50247\" srcset=\"https:\/\/blogdoedvaldomagalhaes.com.br\/wp-content\/uploads\/2020\/01\/IMG-20200102-WA0048-1024x768.jpg 1024w, https:\/\/blogdoedvaldomagalhaes.com.br\/wp-content\/uploads\/2020\/01\/IMG-20200102-WA0048-300x225.jpg 300w, https:\/\/blogdoedvaldomagalhaes.com.br\/wp-content\/uploads\/2020\/01\/IMG-20200102-WA0048-768x576.jpg 768w, https:\/\/blogdoedvaldomagalhaes.com.br\/wp-content\/uploads\/2020\/01\/IMG-20200102-WA0048-160x120.jpg 160w, https:\/\/blogdoedvaldomagalhaes.com.br\/wp-content\/uploads\/2020\/01\/IMG-20200102-WA0048.jpg 1280w\" sizes=\"auto, (max-width: 1024px) 100vw, 1024px\" \/><figcaption>Informa\u00e7\u00f5es e fotos: PRF<\/figcaption><\/figure>\n","protected":false},"excerpt":{"rendered":"<p>Mercadoria foi adquirida em um supermercado e seria entregue em Curitiba. Uma carga de mais de 95 mil latas de&hellip;<\/p>\n","protected":false},"author":1,"featured_media":50245,"comment_status":"open","ping_status":"open","sticky":false,"template":"","format":"standard","meta":{"footnotes":""},"categories":[14121],"tags":[2,16980,16881],"class_list":["post-50244","post","type-post","status-publish","format-standard","has-post-thumbnail","hentry","category-policial","tag-blog-do-edvaldo-magalhaes","tag-carga-de-cerveja-sem-nota-fiscal-e-apreendida-em-garanhuns","tag-caruaru-e-regiao"],"_links":{"self":[{"href":"https:\/\/blogdoedvaldomagalhaes.com.br\/index.php\/wp-json\/wp\/v2\/posts\/50244","targetHints":{"allow":["GET"]}}],"collection":[{"href":"https:\/\/blogdoedvaldomagalhaes.com.br\/index.php\/wp-json\/wp\/v2\/posts"}],"about":[{"href":"https:\/\/blogdoedvaldomagalhaes.com.br\/index.php\/wp-json\/wp\/v2\/types\/post"}],"author":[{"embeddable":true,"href":"https:\/\/blogdoedvaldomagalhaes.com.br\/index.php\/wp-json\/wp\/v2\/users\/1"}],"replies":[{"embeddable":true,"href":"https:\/\/blogdoedvaldomagalhaes.com.br\/index.php\/wp-json\/wp\/v2\/comments?post=50244"}],"version-history":[{"count":1,"href":"https:\/\/blogdoedvaldomagalhaes.com.br\/index.php\/wp-json\/wp\/v2\/posts\/50244\/revisions"}],"predecessor-version":[{"id":50248,"href":"https:\/\/blogdoedvaldomagalhaes.com.br\/index.php\/wp-json\/wp\/v2\/posts\/50244\/revisions\/50248"}],"wp:featuredmedia":[{"embeddable":true,"href":"https:\/\/blogdoedvaldomagalhaes.com.br\/index.php\/wp-json\/wp\/v2\/media\/50245"}],"wp:attachment":[{"href":"https:\/\/blogdoedvaldomagalhaes.com.br\/index.php\/wp-json\/wp\/v2\/media?parent=50244"}],"wp:term":[{"taxonomy":"category","embeddable":true,"href":"https:\/\/blogdoedvaldomagalhaes.com.br\/index.php\/wp-json\/wp\/v2\/categories?post=50244"},{"taxonomy":"post_tag","embeddable":true,"href":"https:\/\/blogdoedvaldomagalhaes.com.br\/index.php\/wp-json\/wp\/v2\/tags?post=50244"}],"curies":[{"name":"wp","href":"https:\/\/api.w.org\/{rel}","templated":true}]}}