{"id":50225,"date":"2019-12-31T14:15:35","date_gmt":"2019-12-31T17:15:35","guid":{"rendered":"http:\/\/blogdoedvaldomagalhaes.com.br\/?p=50225"},"modified":"2019-12-31T14:15:36","modified_gmt":"2019-12-31T17:15:36","slug":"reveillon-de-caruaru-contara-com-show-de-petrucio-amorim-no-marco-zero","status":"publish","type":"post","link":"https:\/\/blogdoedvaldomagalhaes.com.br\/index.php\/2019\/12\/31\/reveillon-de-caruaru-contara-com-show-de-petrucio-amorim-no-marco-zero\/","title":{"rendered":"R\u00e9veillon de Caruaru contar\u00e1 com show de Petr\u00facio Amorim no Marco Zero"},"content":{"rendered":"<p style=\"text-align: justify;\">A programa\u00e7\u00e3o do R\u00e9veillon de Caruaru come\u00e7a \u00e0s 22h desta ter\u00e7a-feira (31), no Marco Zero. Petr\u00facio Amorim e a Banda M\u00e1quina do Tempo estar\u00e3o animando a festa, que \u00e9 realizada pela Prefeitura de Caruaru, atrav\u00e9s da Funda\u00e7\u00e3o de Cultura e Turismo (FCTC).<\/p>\n<p style=\"text-align: justify;\">Foram disponibilizadas 300 mesas para as fam\u00edlias aproveitarem o momento de confraterniza\u00e7\u00e3o na virada de ano. As pessoas que fizeram a reserva devem comparecer ao local com um documento de identidade e o formul\u00e1rio recebido na hora da solicita\u00e7\u00e3o da mesa.<\/p>\n<p style=\"text-align: justify;\">Haver\u00e1 queima de fogos no Monte Bom Jesus e no Marco Zero. Para o r\u00e9veillon deste ano, est\u00e3o previstos cerca de tr\u00eas minutos de fogos para a chegada do ano novo. As queimas de fogos ficar\u00e3o concentradas em dois pontos da cidade: no Marco Zero e no Monte Bom Jesus. Para esta edi\u00e7\u00e3o, a queima de fogos seguir\u00e1 o formato tradicional, mas o que n\u00e3o impede que para os pr\u00f3ximos anos o formato seja repensado, seguindo tend\u00eancias mundiais.<\/p>\n","protected":false},"excerpt":{"rendered":"<p>A programa\u00e7\u00e3o do R\u00e9veillon de Caruaru come\u00e7a \u00e0s 22h desta ter\u00e7a-feira (31), no Marco Zero. Petr\u00facio Amorim e a Banda&hellip;<\/p>\n","protected":false},"author":1,"featured_media":50226,"comment_status":"open","ping_status":"open","sticky":false,"template":"","format":"standard","meta":{"footnotes":""},"categories":[14120],"tags":[2,16881,16977],"class_list":["post-50225","post","type-post","status-publish","format-standard","has-post-thumbnail","hentry","category-noticias","tag-blog-do-edvaldo-magalhaes","tag-caruaru-e-regiao","tag-reveillon-de-caruaru-contara-com-show-de-petrucio-amorim-no-marco-zero"],"_links":{"self":[{"href":"https:\/\/blogdoedvaldomagalhaes.com.br\/index.php\/wp-json\/wp\/v2\/posts\/50225","targetHints":{"allow":["GET"]}}],"collection":[{"href":"https:\/\/blogdoedvaldomagalhaes.com.br\/index.php\/wp-json\/wp\/v2\/posts"}],"about":[{"href":"https:\/\/blogdoedvaldomagalhaes.com.br\/index.php\/wp-json\/wp\/v2\/types\/post"}],"author":[{"embeddable":true,"href":"https:\/\/blogdoedvaldomagalhaes.com.br\/index.php\/wp-json\/wp\/v2\/users\/1"}],"replies":[{"embeddable":true,"href":"https:\/\/blogdoedvaldomagalhaes.com.br\/index.php\/wp-json\/wp\/v2\/comments?post=50225"}],"version-history":[{"count":1,"href":"https:\/\/blogdoedvaldomagalhaes.com.br\/index.php\/wp-json\/wp\/v2\/posts\/50225\/revisions"}],"predecessor-version":[{"id":50227,"href":"https:\/\/blogdoedvaldomagalhaes.com.br\/index.php\/wp-json\/wp\/v2\/posts\/50225\/revisions\/50227"}],"wp:featuredmedia":[{"embeddable":true,"href":"https:\/\/blogdoedvaldomagalhaes.com.br\/index.php\/wp-json\/wp\/v2\/media\/50226"}],"wp:attachment":[{"href":"https:\/\/blogdoedvaldomagalhaes.com.br\/index.php\/wp-json\/wp\/v2\/media?parent=50225"}],"wp:term":[{"taxonomy":"category","embeddable":true,"href":"https:\/\/blogdoedvaldomagalhaes.com.br\/index.php\/wp-json\/wp\/v2\/categories?post=50225"},{"taxonomy":"post_tag","embeddable":true,"href":"https:\/\/blogdoedvaldomagalhaes.com.br\/index.php\/wp-json\/wp\/v2\/tags?post=50225"}],"curies":[{"name":"wp","href":"https:\/\/api.w.org\/{rel}","templated":true}]}}