{"id":50221,"date":"2019-12-31T08:54:07","date_gmt":"2019-12-31T11:54:07","guid":{"rendered":"http:\/\/blogdoedvaldomagalhaes.com.br\/?p=50221"},"modified":"2019-12-31T08:54:09","modified_gmt":"2019-12-31T11:54:09","slug":"terra-volta-a-tremer-forte-em-caruaru-na-madrugada-do-ultimo-dia-do-ano","status":"publish","type":"post","link":"https:\/\/blogdoedvaldomagalhaes.com.br\/index.php\/2019\/12\/31\/terra-volta-a-tremer-forte-em-caruaru-na-madrugada-do-ultimo-dia-do-ano\/","title":{"rendered":"Terra volta a tremer forte em Caruaru na madrugada do \u00faltimo dia do ano"},"content":{"rendered":"<p style=\"text-align: justify;\">A terra voltou a tremer em Caruaru, Agreste pernambucano, na madrugada desta ter\u00e7a-feira (31), \u00faltimo dia do ano. O abalo s\u00edsmico ocorreu \u00e0 0h24.<\/p>\n<p style=\"text-align: justify;\">De acordo com Eduardo Menezes, mestre em Geof\u00edsica do Laborat\u00f3rio de Sismologia da Universidade Federal do Rio Grande do Norte (UFRN), o epicentro ocorreu entre Caruaru e S\u00e3o Caetano. A magnitude do tremor foi de 2.3 graus na escala Richter.<\/p>\n<p style=\"text-align: justify;\">Na noite do \u00faltimo domingo (29), a terra tremeu tr\u00eas vezes, atingindo 2.2, 1.7 e 1.9 graus de magnitude.<\/p>\n<p>Informa\u00e7\u00f5es: R\u00e1dio Liberdade.<\/p>\n","protected":false},"excerpt":{"rendered":"<p>A terra voltou a tremer em Caruaru, Agreste pernambucano, na madrugada desta ter\u00e7a-feira (31), \u00faltimo dia do ano. O abalo&hellip;<\/p>\n","protected":false},"author":1,"featured_media":50222,"comment_status":"open","ping_status":"open","sticky":false,"template":"","format":"standard","meta":{"footnotes":""},"categories":[14120],"tags":[2,16881,16976],"class_list":["post-50221","post","type-post","status-publish","format-standard","has-post-thumbnail","hentry","category-noticias","tag-blog-do-edvaldo-magalhaes","tag-caruaru-e-regiao","tag-terra-volta-a-tremer-forte-em-caruaru-na-madrugada-do-ultimo-dia-do-ano"],"_links":{"self":[{"href":"https:\/\/blogdoedvaldomagalhaes.com.br\/index.php\/wp-json\/wp\/v2\/posts\/50221","targetHints":{"allow":["GET"]}}],"collection":[{"href":"https:\/\/blogdoedvaldomagalhaes.com.br\/index.php\/wp-json\/wp\/v2\/posts"}],"about":[{"href":"https:\/\/blogdoedvaldomagalhaes.com.br\/index.php\/wp-json\/wp\/v2\/types\/post"}],"author":[{"embeddable":true,"href":"https:\/\/blogdoedvaldomagalhaes.com.br\/index.php\/wp-json\/wp\/v2\/users\/1"}],"replies":[{"embeddable":true,"href":"https:\/\/blogdoedvaldomagalhaes.com.br\/index.php\/wp-json\/wp\/v2\/comments?post=50221"}],"version-history":[{"count":1,"href":"https:\/\/blogdoedvaldomagalhaes.com.br\/index.php\/wp-json\/wp\/v2\/posts\/50221\/revisions"}],"predecessor-version":[{"id":50223,"href":"https:\/\/blogdoedvaldomagalhaes.com.br\/index.php\/wp-json\/wp\/v2\/posts\/50221\/revisions\/50223"}],"wp:featuredmedia":[{"embeddable":true,"href":"https:\/\/blogdoedvaldomagalhaes.com.br\/index.php\/wp-json\/wp\/v2\/media\/50222"}],"wp:attachment":[{"href":"https:\/\/blogdoedvaldomagalhaes.com.br\/index.php\/wp-json\/wp\/v2\/media?parent=50221"}],"wp:term":[{"taxonomy":"category","embeddable":true,"href":"https:\/\/blogdoedvaldomagalhaes.com.br\/index.php\/wp-json\/wp\/v2\/categories?post=50221"},{"taxonomy":"post_tag","embeddable":true,"href":"https:\/\/blogdoedvaldomagalhaes.com.br\/index.php\/wp-json\/wp\/v2\/tags?post=50221"}],"curies":[{"name":"wp","href":"https:\/\/api.w.org\/{rel}","templated":true}]}}