{"id":50204,"date":"2019-12-30T17:00:44","date_gmt":"2019-12-30T20:00:44","guid":{"rendered":"http:\/\/blogdoedvaldomagalhaes.com.br\/?p=50204"},"modified":"2019-12-30T17:00:47","modified_gmt":"2019-12-30T20:00:47","slug":"prefeitura-de-caruaru-lanca-processo-seletivo-com-62-vagas-para-secretaria-de-educacao","status":"publish","type":"post","link":"https:\/\/blogdoedvaldomagalhaes.com.br\/index.php\/2019\/12\/30\/prefeitura-de-caruaru-lanca-processo-seletivo-com-62-vagas-para-secretaria-de-educacao\/","title":{"rendered":"Prefeitura de Caruaru lan\u00e7a processo seletivo com 62 vagas para Secretaria de Educa\u00e7\u00e3o"},"content":{"rendered":"<p style=\"text-align: justify;\">A Prefeitura Municipal de Caruaru est\u00e1 com vagas abertas em mais uma sele\u00e7\u00e3o p\u00fablica simplificada. Dessa vez, as vagas est\u00e3o disponibilizadas para a Secretaria de Educa\u00e7\u00e3o, com 62 vagas para a fun\u00e7\u00e3o de auxiliar de educa\u00e7\u00e3o, com a exig\u00eancia de ensino m\u00e9dio completo.<\/p>\n<p style=\"text-align: justify;\">As inscri\u00e7\u00f5es v\u00e3o at\u00e9 o dia 10 de janeiro. Todas as informa\u00e7\u00f5es sobre o processo seletivo est\u00e3o dispon\u00edveis no edital, no site https:\/\/selecoes.caruaru.pe.gov.br. As inscri\u00e7\u00f5es podem ser feitas por meio do endere\u00e7o eletr\u00f4nico j\u00e1 citado ou presencialmente, das 8h \u00e0s 16h, na Secretaria de Administra\u00e7\u00e3o, localizada na Pra\u00e7a Pedro de Souza, 30, Nossa Senhora das Dores, Caruaru-PE.<\/p>\n","protected":false},"excerpt":{"rendered":"<p>A Prefeitura Municipal de Caruaru est\u00e1 com vagas abertas em mais uma sele\u00e7\u00e3o p\u00fablica simplificada. Dessa vez, as vagas est\u00e3o&hellip;<\/p>\n","protected":false},"author":1,"featured_media":50205,"comment_status":"open","ping_status":"open","sticky":false,"template":"","format":"standard","meta":{"footnotes":""},"categories":[14120],"tags":[2,16881,16973],"class_list":["post-50204","post","type-post","status-publish","format-standard","has-post-thumbnail","hentry","category-noticias","tag-blog-do-edvaldo-magalhaes","tag-caruaru-e-regiao","tag-prefeitura-de-caruaru-lanca-processo-seletivo-com-62-vagas-para-secretaria-de-educacao"],"_links":{"self":[{"href":"https:\/\/blogdoedvaldomagalhaes.com.br\/index.php\/wp-json\/wp\/v2\/posts\/50204","targetHints":{"allow":["GET"]}}],"collection":[{"href":"https:\/\/blogdoedvaldomagalhaes.com.br\/index.php\/wp-json\/wp\/v2\/posts"}],"about":[{"href":"https:\/\/blogdoedvaldomagalhaes.com.br\/index.php\/wp-json\/wp\/v2\/types\/post"}],"author":[{"embeddable":true,"href":"https:\/\/blogdoedvaldomagalhaes.com.br\/index.php\/wp-json\/wp\/v2\/users\/1"}],"replies":[{"embeddable":true,"href":"https:\/\/blogdoedvaldomagalhaes.com.br\/index.php\/wp-json\/wp\/v2\/comments?post=50204"}],"version-history":[{"count":1,"href":"https:\/\/blogdoedvaldomagalhaes.com.br\/index.php\/wp-json\/wp\/v2\/posts\/50204\/revisions"}],"predecessor-version":[{"id":50206,"href":"https:\/\/blogdoedvaldomagalhaes.com.br\/index.php\/wp-json\/wp\/v2\/posts\/50204\/revisions\/50206"}],"wp:featuredmedia":[{"embeddable":true,"href":"https:\/\/blogdoedvaldomagalhaes.com.br\/index.php\/wp-json\/wp\/v2\/media\/50205"}],"wp:attachment":[{"href":"https:\/\/blogdoedvaldomagalhaes.com.br\/index.php\/wp-json\/wp\/v2\/media?parent=50204"}],"wp:term":[{"taxonomy":"category","embeddable":true,"href":"https:\/\/blogdoedvaldomagalhaes.com.br\/index.php\/wp-json\/wp\/v2\/categories?post=50204"},{"taxonomy":"post_tag","embeddable":true,"href":"https:\/\/blogdoedvaldomagalhaes.com.br\/index.php\/wp-json\/wp\/v2\/tags?post=50204"}],"curies":[{"name":"wp","href":"https:\/\/api.w.org\/{rel}","templated":true}]}}