{"id":502,"date":"2018-12-06T14:05:00","date_gmt":"2018-12-06T16:05:00","guid":{"rendered":"http:\/\/blogdoedvaldomagalhaes.com.br\/index.php\/2018\/12\/06\/programa-qualifica-caruaru-forma-mais\/"},"modified":"2019-02-09T02:44:42","modified_gmt":"2019-02-09T04:44:42","slug":"programa-qualifica-caruaru-forma-mais","status":"publish","type":"post","link":"https:\/\/blogdoedvaldomagalhaes.com.br\/index.php\/2018\/12\/06\/programa-qualifica-caruaru-forma-mais\/","title":{"rendered":"Programa Qualifica Caruaru forma mais 16 turmas, entrega certificados e kits de inicia\u00e7\u00e3o profissional"},"content":{"rendered":"<div class=\"separator\" style=\"clear: both; text-align: center;\">\n<a href=\"https:\/\/1.bp.blogspot.com\/-7S-zuaEwbXU\/XAkr3_s9WRI\/AAAAAAAA_JE\/ghQsfDmazV4_b68LZoJgAx3gGAnTyWzyQCLcBGAs\/s1600\/2.jpg\" imageanchor=\"1\" style=\"margin-left: 1em; margin-right: 1em;\"><img loading=\"lazy\" decoding=\"async\" border=\"0\" data-original-height=\"1065\" data-original-width=\"1600\" height=\"424\" src=\"http:\/\/blogdoedvaldomagalhaes.com.br\/wp-content\/uploads\/2018\/12\/2-3.jpg\" width=\"640\" \/><\/a><\/div>\n<div class=\"separator\" style=\"clear: both; text-align: center;\">\nFotos: Jana\u00edna Pepeu\/Divulga\u00e7\u00e3o<\/div>\n<div class=\"separator\" style=\"clear: both; text-align: center;\">\n<\/div>\n<div class=\"separator\" style=\"clear: both; text-align: justify;\">\nA cerim\u00f4nia de encerramento de 16 cursos do Programa Qualifica Caruaru, promovida pela Prefeitura de Caruaru, atrav\u00e9s da Secretaria de Desenvolvimento Social e Direitos Humanos (SDSDH), aconteceu no Senac Caruaru, nessa quarta-feira (05) e reuniu 191 concluintes que receberam os certificados e os kits de inicia\u00e7\u00e3o profissional referentes aos cursos de qualifica\u00e7\u00e3o promovidos pela SDSDH e Secretaria de Sustentabilidade e Desenvolvimento Rural de Caruaru (Suder).&nbsp;&nbsp;<\/div>\n<div class=\"separator\" style=\"clear: both; text-align: justify;\">\n<\/div>\n<div class=\"separator\" style=\"clear: both; text-align: justify;\">\n<\/div>\n<div class=\"separator\" style=\"clear: both; text-align: center;\">\n<a href=\"https:\/\/4.bp.blogspot.com\/-Q14LWBpjC5M\/XAksFKJLzLI\/AAAAAAAA_JI\/z8_ly-48P5IasCLOV3MAknZi22R3PL-EwCLcBGAs\/s1600\/3.jpg\" imageanchor=\"1\" style=\"margin-left: 1em; margin-right: 1em;\"><img loading=\"lazy\" decoding=\"async\" border=\"0\" data-original-height=\"1065\" data-original-width=\"1600\" height=\"424\" src=\"http:\/\/blogdoedvaldomagalhaes.com.br\/wp-content\/uploads\/2018\/12\/3-2.jpg\" width=\"640\" \/><\/a><\/div>\n<p><\/p>\n<div class=\"separator\" style=\"clear: both; text-align: justify;\">\n<\/div>\n<div class=\"separator\" style=\"clear: both; text-align: justify;\">\nA formatura contemplou os formandos dos cursos de cabeleireiro, corte e costura, desenvolvimento web, design de sobrancelhas, ecocondutor, espanhol b\u00e1sico, inform\u00e1tica, inform\u00e1tica b\u00e1sica, manicure\/pedicuro, manuten\u00e7\u00e3o de computadores, marketing pessoal de elabora\u00e7\u00e3o de curr\u00edculo, mundo do trabalho, photoshop, prezi, rela\u00e7\u00e3o trabalho e cidadania e ultrassonografia natural.<\/div>\n<div class=\"separator\" style=\"clear: both; text-align: justify;\">\n<\/div>\n<div class=\"separator\" style=\"clear: both; text-align: center;\">\n<a href=\"https:\/\/2.bp.blogspot.com\/-UDhozgWXPFg\/XAksYmY3s6I\/AAAAAAAA_JU\/LsHokp9vH1Ut8pMAFeLT4RYajrq2zzIgACLcBGAs\/s1600\/1.jpg\" imageanchor=\"1\" style=\"margin-left: 1em; margin-right: 1em;\"><img loading=\"lazy\" decoding=\"async\" border=\"0\" data-original-height=\"1065\" data-original-width=\"1600\" height=\"424\" src=\"http:\/\/blogdoedvaldomagalhaes.com.br\/wp-content\/uploads\/2018\/12\/1-3.jpg\" width=\"640\" \/><\/a><\/div>\n<div class=\"separator\" style=\"clear: both; text-align: justify;\">\n<\/div>\n<div class=\"separator\" style=\"clear: both; text-align: justify;\">\nFoi uma cerim\u00f4nia pontuada por diversas apresenta\u00e7\u00f5es que contou com o Coral Cantando a Vida (da Secretaria de Pol\u00edticas para Mulheres), da Orquestra de P\u00edfanos &#8211; Eita, Pif\u00f4!, da Orquestra de Violinos do SCFV, do Grupo de Dan\u00e7a de Sal\u00e3o da Terceira Idade e do Grupo de Pastoril da Terceira Idade do SCFV. A culmin\u00e2ncia ficou por conta de um desfile de moda onde as alunas de corte e costura trajaram as roupas produzidas por elas pr\u00f3prias durante as aulas.<\/div>\n<div class=\"separator\" style=\"clear: both; text-align: justify;\">\n<\/div>\n<div class=\"separator\" style=\"clear: both; text-align: center;\">\n<a href=\"https:\/\/4.bp.blogspot.com\/-RUYTL1eKJFk\/XAkshklFVgI\/AAAAAAAA_JY\/ybfU7oh81KsVUw1jYANDNV1_qaLNCwXLACLcBGAs\/s1600\/5.jpg\" imageanchor=\"1\" style=\"margin-left: 1em; margin-right: 1em;\"><img loading=\"lazy\" decoding=\"async\" border=\"0\" data-original-height=\"1065\" data-original-width=\"1600\" height=\"424\" src=\"http:\/\/blogdoedvaldomagalhaes.com.br\/wp-content\/uploads\/2018\/12\/5-1.jpg\" width=\"640\" \/><\/a><\/div>\n<p><\/p>\n<div class=\"separator\" style=\"clear: both; text-align: center;\">\n<a href=\"https:\/\/1.bp.blogspot.com\/-BtxWsZhEBNE\/XAksja2WX7I\/AAAAAAAA_Jc\/3HDd8DU2_bUH3AsOt2EK-zci8beQ-7dPwCLcBGAs\/s1600\/4.jpg\" imageanchor=\"1\" style=\"margin-left: 1em; margin-right: 1em;\"><img loading=\"lazy\" decoding=\"async\" border=\"0\" data-original-height=\"1065\" data-original-width=\"1600\" height=\"424\" src=\"http:\/\/blogdoedvaldomagalhaes.com.br\/wp-content\/uploads\/2018\/12\/4-2.jpg\" width=\"640\" \/><\/a><\/div>\n<p><\/p>\n<div class=\"separator\" style=\"clear: both; text-align: center;\">\n<a href=\"https:\/\/2.bp.blogspot.com\/-2rTD3X7Btro\/XAkskANRkwI\/AAAAAAAA_Jg\/-N9vtRDYxRsFx1CEFGsmuy-Gbzqe_NJ-QCLcBGAs\/s1600\/6.jpg\" imageanchor=\"1\" style=\"margin-left: 1em; margin-right: 1em;\"><img loading=\"lazy\" decoding=\"async\" border=\"0\" data-original-height=\"1065\" data-original-width=\"1600\" height=\"424\" src=\"http:\/\/blogdoedvaldomagalhaes.com.br\/wp-content\/uploads\/2018\/12\/6.jpg\" width=\"640\" \/><\/a><\/div>\n<p><\/p>\n<div class=\"separator\" style=\"clear: both; text-align: center;\">\n<a href=\"https:\/\/3.bp.blogspot.com\/-Ejk8e4XI-Fk\/XAksl7J1tKI\/AAAAAAAA_Jk\/V2TM2LkMkpkymC8B2L9reEp8e9zHgV-lQCLcBGAs\/s1600\/banda.jpg\" imageanchor=\"1\" style=\"margin-left: 1em; margin-right: 1em;\"><img loading=\"lazy\" decoding=\"async\" border=\"0\" data-original-height=\"1065\" data-original-width=\"1600\" height=\"424\" src=\"http:\/\/blogdoedvaldomagalhaes.com.br\/wp-content\/uploads\/2018\/12\/banda.jpg\" width=\"640\" \/><\/a><\/div>\n<div class=\"separator\" style=\"clear: both; text-align: justify;\">\n<\/div>\n<div class=\"separator\" style=\"clear: both; text-align: justify;\">\nO Programa Qualifica Caruaru \u00e9 uma iniciativa da Prefeitura de Caruaru e j\u00e1 promoveu 21 cursos de diversas \u00e1reas em v\u00e1rios locais do munic\u00edpio e formou 281 pessoas, desde o lan\u00e7amento, em agosto de 2018. \u201cO Qualifica \u00e9 um sonho de todos n\u00f3s, com a coordena\u00e7\u00e3o de um grupo de trabalho trazido pela Secretaria de Desenvolvimento Econ\u00f4mico \/ Economia Criativa (Sedeec) e a efetiva colabora\u00e7\u00e3o e execu\u00e7\u00e3o da Secretaria de Desenvolvimento Social e Direitos Humanos. Cada aluno ou aluna aqui presente demonstra a determina\u00e7\u00e3o de se qualificar e nos mostra que o que a gente precisa fazer \u00e9 dar oportunidade\u201d, destacou a prefeita de Caruaru, Raquel Lyra.&nbsp;<\/div>\n<div class=\"separator\" style=\"clear: both; text-align: justify;\">\n<\/div>\n<div class=\"separator\" style=\"clear: both; text-align: justify;\">\nInforma\u00e7\u00f5es da assessoria de imprensa. &nbsp;<\/div>\n<div class=\"separator\" style=\"clear: both; text-align: justify;\">\n<\/div>\n","protected":false},"excerpt":{"rendered":"<p>Fotos: Jana\u00edna Pepeu\/Divulga\u00e7\u00e3o A cerim\u00f4nia de encerramento de 16 cursos do Programa Qualifica Caruaru, promovida pela Prefeitura de Caruaru, atrav\u00e9s&hellip;<\/p>\n","protected":false},"author":1,"featured_media":0,"comment_status":"open","ping_status":"open","sticky":false,"template":"","format":"standard","meta":{"footnotes":""},"categories":[1],"tags":[2,412,6,413],"class_list":["post-502","post","type-post","status-publish","format-standard","hentry","category-sem-categoria","tag-blog-do-edvaldo-magalhaes","tag-entrega-certificados-e-kits-de-iniciacao-profissional","tag-noticias","tag-programa-qualifica-caruaru-forma-mais-16-turmas"],"_links":{"self":[{"href":"https:\/\/blogdoedvaldomagalhaes.com.br\/index.php\/wp-json\/wp\/v2\/posts\/502","targetHints":{"allow":["GET"]}}],"collection":[{"href":"https:\/\/blogdoedvaldomagalhaes.com.br\/index.php\/wp-json\/wp\/v2\/posts"}],"about":[{"href":"https:\/\/blogdoedvaldomagalhaes.com.br\/index.php\/wp-json\/wp\/v2\/types\/post"}],"author":[{"embeddable":true,"href":"https:\/\/blogdoedvaldomagalhaes.com.br\/index.php\/wp-json\/wp\/v2\/users\/1"}],"replies":[{"embeddable":true,"href":"https:\/\/blogdoedvaldomagalhaes.com.br\/index.php\/wp-json\/wp\/v2\/comments?post=502"}],"version-history":[{"count":1,"href":"https:\/\/blogdoedvaldomagalhaes.com.br\/index.php\/wp-json\/wp\/v2\/posts\/502\/revisions"}],"predecessor-version":[{"id":36550,"href":"https:\/\/blogdoedvaldomagalhaes.com.br\/index.php\/wp-json\/wp\/v2\/posts\/502\/revisions\/36550"}],"wp:attachment":[{"href":"https:\/\/blogdoedvaldomagalhaes.com.br\/index.php\/wp-json\/wp\/v2\/media?parent=502"}],"wp:term":[{"taxonomy":"category","embeddable":true,"href":"https:\/\/blogdoedvaldomagalhaes.com.br\/index.php\/wp-json\/wp\/v2\/categories?post=502"},{"taxonomy":"post_tag","embeddable":true,"href":"https:\/\/blogdoedvaldomagalhaes.com.br\/index.php\/wp-json\/wp\/v2\/tags?post=502"}],"curies":[{"name":"wp","href":"https:\/\/api.w.org\/{rel}","templated":true}]}}