{"id":50190,"date":"2019-12-30T16:44:57","date_gmt":"2019-12-30T19:44:57","guid":{"rendered":"http:\/\/blogdoedvaldomagalhaes.com.br\/?p=50190"},"modified":"2019-12-30T16:55:26","modified_gmt":"2019-12-30T19:55:26","slug":"reunioes-com-segmentos-culturais-fortaleceram-acoes-da-fundacao-de-cultura-e-turismo-de-caruaru-em-2019","status":"publish","type":"post","link":"https:\/\/blogdoedvaldomagalhaes.com.br\/index.php\/2019\/12\/30\/reunioes-com-segmentos-culturais-fortaleceram-acoes-da-fundacao-de-cultura-e-turismo-de-caruaru-em-2019\/","title":{"rendered":"Reuni\u00f5es com segmentos culturais fortaleceram a\u00e7\u00f5es da Funda\u00e7\u00e3o de Cultura e Turismo de Caruaru em 2019"},"content":{"rendered":"<p style=\"text-align: justify;\">A Prefeitura de Caruaru, atrav\u00e9s da Funda\u00e7\u00e3o de Cultura e Turismo (FCTC), fortaleceu ainda mais as a\u00e7\u00f5es na \u00e1rea a partir de reuni\u00f5es com os segmentos culturais. Foram mais de 15 encontros, desde poetas, fot\u00f3grafos, artistas visuais, m\u00fasicos; al\u00e9m de momentos com representantes de hot\u00e9is e empresas de turismo. Todas as demandas foram ouvidas e algumas transformadas em pol\u00edticas de incentivo \u00e0 cultura, como por exemplo, a sele\u00e7\u00e3o para CD \u201cA M\u00fasica do Pa\u00eds de Caruaru\u201d e para o livro \u201cAsas da Palavra\u201d.<\/p>\n<p style=\"text-align: justify;\">O \u201cCarnaval Caruaru Cultural 2019\u201d trouxe uma novidade: o resgate do Baile Municipal de Caruaru. No s\u00e1bado da semana pr\u00e9-carnavalesca, dia 23 de fevereiro, a folia reuniu 50 mil pessoas em sete polos de anima\u00e7\u00e3o. Com o intuito de promover um interc\u00e2mbio cultural e tur\u00edstico entre as manifesta\u00e7\u00f5es t\u00edpicas do estado, o evento contou com orquestras de frevo, La Ursas, Papangus, Caboclos de Lan\u00e7a, Maracatus, Bonecos Gigantes e Bois-Bumb\u00e1. O Palco Rec-Beat, na Esta\u00e7\u00e3o Ferrovi\u00e1ria, pelo segundo ano consecutivo trouxe m\u00fasicas alternativas e independentes para a popula\u00e7\u00e3o. Em mar\u00e7o, o I Festival de Violeiras garantiu homenagens no Dia Internacional da Mulher.<\/p>\n<p style=\"text-align: justify;\">Em 2019, o Caruaru Por Paix\u00e3o se consolidou cada vez mais, levando para os caruaruenses e turistas uma programa\u00e7\u00e3o rica em cultura popular, exposi\u00e7\u00f5es de arte, mostra de cinema e diversas express\u00f5es art\u00edsticas. A estimativa \u00e9 que aproximadamente 200 mil pessoas tenham passado pela cidade nos dias do evento, nos quatro polos: Feira de Caruaru, Polo Alto do Moura, Polo \u201cMeu Bom Jesus\u201d, e Polo Esta\u00e7\u00e3o Criativa. Atra\u00e7\u00f5es nacionais como Jorge Vercillo e Ed Motta passaram pelo palco montado na Esta\u00e7\u00e3o Ferrovi\u00e1ria. Al\u00e9m deles, artistas locais fizeram um grande show em homenagem ao forr\u00f3. Tamb\u00e9m foi realizado um passeio motocicl\u00edstico e o p\u00fablico infantil recebeu uma programa\u00e7\u00e3o especial. O Festival Comida de Feira chegou \u00e0 terceira edi\u00e7\u00e3o em Caruaru trazendo sabores regionais.<\/p>\n<p style=\"text-align: justify;\">O S\u00e3o Jo\u00e3o de 2019 de Caruaru obteve recorde na aprova\u00e7\u00e3o do p\u00fablico: os turistas deram nota 9,1 para o Maior e Melhor S\u00e3o Jo\u00e3o do Mundo, pontua\u00e7\u00e3o m\u00e1xima diante de todas as edi\u00e7\u00f5es do evento. J\u00e1 94,4% dos moradores da cidade entrevistados recomendariam a festa. Iniciando a festa no dia 18 de maio, com o S\u00e3o Jo\u00e3o na Ro\u00e7a em Ita\u00fana, Caruaru honrou o t\u00edtulo de Maior e Melhor S\u00e3o Jo\u00e3o do Mundo e preencheu o m\u00eas de junho com manifesta\u00e7\u00f5es populares, variadas express\u00f5es culturais e muitos shows nos 24 polos de anima\u00e7\u00e3o espalhados na cidade e na zona rural. Foram registradas 815 apresenta\u00e7\u00f5es art\u00edsticas e mais de 500 artistas contratados, 65% deles caruaruenses, refor\u00e7ando o compromisso da gest\u00e3o com os artistas filhos da terra. Al\u00e9m do disso, 82% dos artistas contratados foram habilitados pelo edital do S\u00e3o Jo\u00e3o. Mais de 3 milh\u00f5es de pessoas passaram pela festa.<\/p>\n<p style=\"text-align: justify;\">No m\u00eas de agosto, foi divulgado que o munic\u00edpio de Caruaru permanece com uma das melhores classifica\u00e7\u00f5es no novo Mapa do Turismo Brasileiro (2019-2021). O documento inclui ao todo 2.694 cidades de 333 regi\u00f5es tur\u00edsticas do pa\u00eds, e a Capital do Forr\u00f3 segue classificada na categoria \u201cB\u201d, em uma escala de \u201cA\u201d a \u201cE\u201d, pois cumpriu as exig\u00eancias do Minist\u00e9rio do Turismo.<\/p>\n<p style=\"text-align: justify;\">Em setembro, o Espa\u00e7o Cultural Tancredo Neves recebeu a quarta edi\u00e7\u00e3o da Feira Nacional do Livro do Agreste (Fenagreste). Contando com apoio da Prefeitura de Caruaru, o evento contou com a participa\u00e7\u00e3o de 60 expositores. A feira liter\u00e1ria atraiu cerca de 60 mil pessoas, das mais diversas faixas et\u00e1rias, nos cinco dias de atividades. J\u00e1 em outubro, o P\u00e1tio de Eventos Luiz Gonzaga recebeu motociclistas de v\u00e1rios lugares do pa\u00eds no Caruaru MotoFest 2019. Foram tr\u00eas dias de muita m\u00fasica, palestras, passeios e encontros. No palco do evento, a Banda Bar\u00e3o Vermelho se apresentou pela primeira vez em Caruaru. A correaliza\u00e7\u00e3o foi do Movimento Motocicl\u00edstico de Caruaru (MMC).<\/p>\n<p style=\"text-align: justify;\">Outros eventos e momentos marcaram o ano de 2019 na FCTC: 17\u00aa Semana dos Museus; II Tributo ao Rei do Bai\u00e3o Luiz Gonzaga; I Semana Municipal de Forma\u00e7\u00e3o em Artes e Cultura de Caruaru; Semana Cultural Afro Brasileira; III Festival de Violeiros Ivanildo Vila Nova; III Semana Viva Gonzaga. Al\u00e9m disso, foram dados diversos apoios a eventos, como por exemplo, a Semana da Fotografia.<\/p>\n<p style=\"text-align: justify;\">Tr\u00eas sele\u00e7\u00f5es marcaram de forma in\u00e9dita as a\u00e7\u00f5es da FCTC: do CD \u2018A M\u00fasica do Pa\u00eds de Caruaru\u2019, onde 20 composi\u00e7\u00f5es in\u00e9ditas de m\u00fasicas de ritmos exclusivamente das tradi\u00e7\u00f5es juninas de Caruaru foram escolhidas; do livro \u201cAsas da Palavra do Pa\u00eds de Caruaru\u201d, no qual 50 obras liter\u00e1rias in\u00e9ditas e de at\u00e9 duas laudas ser\u00e3o publicadas; e, por fim, o I Registro de Patrim\u00f4nio Vivo de Caruaru, onde o Mestre Luiz Ant\u00f4nio foi eleito por vota\u00e7\u00e3o popular, e uma comiss\u00e3o especial de an\u00e1lise escolheu Azul\u00e3o, Mestre Seb\u00e1, Jo\u00e3o do Pife e Boi Tira-Teima para ganharem de forma vital\u00edcia uma bolsa de incentivo.<\/p>\n<p style=\"text-align: justify;\">Encerrando o ano, a Funda\u00e7\u00e3o de Cultura e Turismo celebra o ciclo natalino com mais uma edi\u00e7\u00e3o do \u201cCaruaru Terra Natal\u201d, na qual as \u201cCaravanas da Cultura\u201d, levaram espet\u00e1culos teatrais e musicais para lugares como o Monte Bom Jesus, Alto do Moura, a Pra\u00e7a do Ros\u00e1rio e residenciais. A popula\u00e7\u00e3o contou ainda com um emocionante Musical de Natal. No r\u00e9veillon, o Marco Zero de Caruaru receber\u00e1 o cantor e compositor caruaruense Petr\u00facio Amorim, no dia 31. As apresenta\u00e7\u00f5es come\u00e7am a partir das 22h.<\/p>\n<p>Fotos: Arnaldo F\u00e9lix\/Jorge Farias\/Jana\u00edna Pepeu.<\/p>\n\n\n<figure class=\"wp-block-image size-large\"><img loading=\"lazy\" decoding=\"async\" width=\"1024\" height=\"682\" src=\"http:\/\/blogdoedvaldomagalhaes.com.br\/wp-content\/uploads\/2019\/12\/IMG-20191230-WA0280-1024x682.jpg\" alt=\"\" class=\"wp-image-50192\" srcset=\"https:\/\/blogdoedvaldomagalhaes.com.br\/wp-content\/uploads\/2019\/12\/IMG-20191230-WA0280-1024x682.jpg 1024w, https:\/\/blogdoedvaldomagalhaes.com.br\/wp-content\/uploads\/2019\/12\/IMG-20191230-WA0280-300x200.jpg 300w, https:\/\/blogdoedvaldomagalhaes.com.br\/wp-content\/uploads\/2019\/12\/IMG-20191230-WA0280-768x512.jpg 768w, https:\/\/blogdoedvaldomagalhaes.com.br\/wp-content\/uploads\/2019\/12\/IMG-20191230-WA0280.jpg 1280w\" sizes=\"auto, (max-width: 1024px) 100vw, 1024px\" \/><\/figure>\n\n\n\n<figure class=\"wp-block-image size-large\"><img loading=\"lazy\" decoding=\"async\" width=\"799\" height=\"533\" src=\"http:\/\/blogdoedvaldomagalhaes.com.br\/wp-content\/uploads\/2019\/12\/IMG-20191230-WA0281.jpg\" alt=\"\" class=\"wp-image-50193\" srcset=\"https:\/\/blogdoedvaldomagalhaes.com.br\/wp-content\/uploads\/2019\/12\/IMG-20191230-WA0281.jpg 799w, https:\/\/blogdoedvaldomagalhaes.com.br\/wp-content\/uploads\/2019\/12\/IMG-20191230-WA0281-300x200.jpg 300w, https:\/\/blogdoedvaldomagalhaes.com.br\/wp-content\/uploads\/2019\/12\/IMG-20191230-WA0281-768x512.jpg 768w\" sizes=\"auto, (max-width: 799px) 100vw, 799px\" \/><\/figure>\n\n\n\n<figure class=\"wp-block-image size-large\"><img loading=\"lazy\" decoding=\"async\" width=\"1024\" height=\"682\" src=\"http:\/\/blogdoedvaldomagalhaes.com.br\/wp-content\/uploads\/2019\/12\/IMG-20191230-WA0282-1024x682.jpg\" alt=\"\" class=\"wp-image-50194\" srcset=\"https:\/\/blogdoedvaldomagalhaes.com.br\/wp-content\/uploads\/2019\/12\/IMG-20191230-WA0282-1024x682.jpg 1024w, https:\/\/blogdoedvaldomagalhaes.com.br\/wp-content\/uploads\/2019\/12\/IMG-20191230-WA0282-300x200.jpg 300w, https:\/\/blogdoedvaldomagalhaes.com.br\/wp-content\/uploads\/2019\/12\/IMG-20191230-WA0282-768x512.jpg 768w, https:\/\/blogdoedvaldomagalhaes.com.br\/wp-content\/uploads\/2019\/12\/IMG-20191230-WA0282.jpg 1280w\" sizes=\"auto, (max-width: 1024px) 100vw, 1024px\" \/><\/figure>\n\n\n\n<figure class=\"wp-block-image size-large\"><img loading=\"lazy\" decoding=\"async\" width=\"1024\" height=\"682\" src=\"http:\/\/blogdoedvaldomagalhaes.com.br\/wp-content\/uploads\/2019\/12\/IMG-20191230-WA0283-1024x682.jpg\" alt=\"\" class=\"wp-image-50195\" srcset=\"https:\/\/blogdoedvaldomagalhaes.com.br\/wp-content\/uploads\/2019\/12\/IMG-20191230-WA0283-1024x682.jpg 1024w, https:\/\/blogdoedvaldomagalhaes.com.br\/wp-content\/uploads\/2019\/12\/IMG-20191230-WA0283-300x200.jpg 300w, https:\/\/blogdoedvaldomagalhaes.com.br\/wp-content\/uploads\/2019\/12\/IMG-20191230-WA0283-768x512.jpg 768w, https:\/\/blogdoedvaldomagalhaes.com.br\/wp-content\/uploads\/2019\/12\/IMG-20191230-WA0283.jpg 1280w\" sizes=\"auto, (max-width: 1024px) 100vw, 1024px\" \/><\/figure>\n\n\n\n<figure class=\"wp-block-image size-large\"><img loading=\"lazy\" decoding=\"async\" width=\"1024\" height=\"682\" src=\"http:\/\/blogdoedvaldomagalhaes.com.br\/wp-content\/uploads\/2019\/12\/IMG-20191230-WA0284-1024x682.jpg\" alt=\"\" class=\"wp-image-50196\" srcset=\"https:\/\/blogdoedvaldomagalhaes.com.br\/wp-content\/uploads\/2019\/12\/IMG-20191230-WA0284-1024x682.jpg 1024w, https:\/\/blogdoedvaldomagalhaes.com.br\/wp-content\/uploads\/2019\/12\/IMG-20191230-WA0284-300x200.jpg 300w, https:\/\/blogdoedvaldomagalhaes.com.br\/wp-content\/uploads\/2019\/12\/IMG-20191230-WA0284-768x512.jpg 768w, https:\/\/blogdoedvaldomagalhaes.com.br\/wp-content\/uploads\/2019\/12\/IMG-20191230-WA0284.jpg 1280w\" sizes=\"auto, (max-width: 1024px) 100vw, 1024px\" \/><\/figure>\n\n\n\n<figure class=\"wp-block-image size-large\"><img loading=\"lazy\" decoding=\"async\" width=\"800\" height=\"532\" src=\"http:\/\/blogdoedvaldomagalhaes.com.br\/wp-content\/uploads\/2019\/12\/IMG-20191230-WA0278.jpg\" alt=\"\" class=\"wp-image-50197\" srcset=\"https:\/\/blogdoedvaldomagalhaes.com.br\/wp-content\/uploads\/2019\/12\/IMG-20191230-WA0278.jpg 800w, https:\/\/blogdoedvaldomagalhaes.com.br\/wp-content\/uploads\/2019\/12\/IMG-20191230-WA0278-300x200.jpg 300w, https:\/\/blogdoedvaldomagalhaes.com.br\/wp-content\/uploads\/2019\/12\/IMG-20191230-WA0278-768x511.jpg 768w\" sizes=\"auto, (max-width: 800px) 100vw, 800px\" \/><\/figure>\n\n\n\n<figure class=\"wp-block-image size-large\"><img loading=\"lazy\" decoding=\"async\" width=\"1024\" height=\"682\" src=\"http:\/\/blogdoedvaldomagalhaes.com.br\/wp-content\/uploads\/2019\/12\/IMG-20191230-WA0276-1024x682.jpg\" alt=\"\" class=\"wp-image-50198\" srcset=\"https:\/\/blogdoedvaldomagalhaes.com.br\/wp-content\/uploads\/2019\/12\/IMG-20191230-WA0276-1024x682.jpg 1024w, https:\/\/blogdoedvaldomagalhaes.com.br\/wp-content\/uploads\/2019\/12\/IMG-20191230-WA0276-300x200.jpg 300w, https:\/\/blogdoedvaldomagalhaes.com.br\/wp-content\/uploads\/2019\/12\/IMG-20191230-WA0276-768x512.jpg 768w, https:\/\/blogdoedvaldomagalhaes.com.br\/wp-content\/uploads\/2019\/12\/IMG-20191230-WA0276.jpg 1280w\" sizes=\"auto, (max-width: 1024px) 100vw, 1024px\" \/><\/figure>\n\n\n\n<figure class=\"wp-block-image size-large\"><img loading=\"lazy\" decoding=\"async\" width=\"1024\" height=\"682\" src=\"http:\/\/blogdoedvaldomagalhaes.com.br\/wp-content\/uploads\/2019\/12\/IMG-20191230-WA0275-1024x682.jpg\" alt=\"\" class=\"wp-image-50199\" srcset=\"https:\/\/blogdoedvaldomagalhaes.com.br\/wp-content\/uploads\/2019\/12\/IMG-20191230-WA0275-1024x682.jpg 1024w, https:\/\/blogdoedvaldomagalhaes.com.br\/wp-content\/uploads\/2019\/12\/IMG-20191230-WA0275-300x200.jpg 300w, https:\/\/blogdoedvaldomagalhaes.com.br\/wp-content\/uploads\/2019\/12\/IMG-20191230-WA0275-768x512.jpg 768w, https:\/\/blogdoedvaldomagalhaes.com.br\/wp-content\/uploads\/2019\/12\/IMG-20191230-WA0275.jpg 1280w\" sizes=\"auto, (max-width: 1024px) 100vw, 1024px\" \/><\/figure>\n","protected":false},"excerpt":{"rendered":"<p>A Prefeitura de Caruaru, atrav\u00e9s da Funda\u00e7\u00e3o de Cultura e Turismo (FCTC), fortaleceu ainda mais as a\u00e7\u00f5es na \u00e1rea a&hellip;<\/p>\n","protected":false},"author":1,"featured_media":50191,"comment_status":"open","ping_status":"open","sticky":false,"template":"","format":"standard","meta":{"footnotes":""},"categories":[14120],"tags":[2,16881,16972],"class_list":["post-50190","post","type-post","status-publish","format-standard","has-post-thumbnail","hentry","category-noticias","tag-blog-do-edvaldo-magalhaes","tag-caruaru-e-regiao","tag-reunioes-com-segmentos-culturais-fortaleceram-acoes-da-fundacao-de-cultura-e-turismo-de-caruaru-em-2019"],"_links":{"self":[{"href":"https:\/\/blogdoedvaldomagalhaes.com.br\/index.php\/wp-json\/wp\/v2\/posts\/50190","targetHints":{"allow":["GET"]}}],"collection":[{"href":"https:\/\/blogdoedvaldomagalhaes.com.br\/index.php\/wp-json\/wp\/v2\/posts"}],"about":[{"href":"https:\/\/blogdoedvaldomagalhaes.com.br\/index.php\/wp-json\/wp\/v2\/types\/post"}],"author":[{"embeddable":true,"href":"https:\/\/blogdoedvaldomagalhaes.com.br\/index.php\/wp-json\/wp\/v2\/users\/1"}],"replies":[{"embeddable":true,"href":"https:\/\/blogdoedvaldomagalhaes.com.br\/index.php\/wp-json\/wp\/v2\/comments?post=50190"}],"version-history":[{"count":4,"href":"https:\/\/blogdoedvaldomagalhaes.com.br\/index.php\/wp-json\/wp\/v2\/posts\/50190\/revisions"}],"predecessor-version":[{"id":50203,"href":"https:\/\/blogdoedvaldomagalhaes.com.br\/index.php\/wp-json\/wp\/v2\/posts\/50190\/revisions\/50203"}],"wp:featuredmedia":[{"embeddable":true,"href":"https:\/\/blogdoedvaldomagalhaes.com.br\/index.php\/wp-json\/wp\/v2\/media\/50191"}],"wp:attachment":[{"href":"https:\/\/blogdoedvaldomagalhaes.com.br\/index.php\/wp-json\/wp\/v2\/media?parent=50190"}],"wp:term":[{"taxonomy":"category","embeddable":true,"href":"https:\/\/blogdoedvaldomagalhaes.com.br\/index.php\/wp-json\/wp\/v2\/categories?post=50190"},{"taxonomy":"post_tag","embeddable":true,"href":"https:\/\/blogdoedvaldomagalhaes.com.br\/index.php\/wp-json\/wp\/v2\/tags?post=50190"}],"curies":[{"name":"wp","href":"https:\/\/api.w.org\/{rel}","templated":true}]}}