{"id":50168,"date":"2019-12-30T15:41:32","date_gmt":"2019-12-30T18:41:32","guid":{"rendered":"http:\/\/blogdoedvaldomagalhaes.com.br\/?p=50168"},"modified":"2019-12-30T15:41:34","modified_gmt":"2019-12-30T18:41:34","slug":"central-contrata-lateral-direito-para-a-temporada-2020","status":"publish","type":"post","link":"https:\/\/blogdoedvaldomagalhaes.com.br\/index.php\/2019\/12\/30\/central-contrata-lateral-direito-para-a-temporada-2020\/","title":{"rendered":"Central contrata lateral-direito para a temporada 2020"},"content":{"rendered":"<p style=\"text-align: justify;\">Luan Andrade Santana, o Luan Andrade, 29 anos, chega ao Central Sport Club para a temporada 2020.<\/p>\n<p style=\"text-align: justify;\">O lateral-direito vestiu a camisa do Corinthians\/SP e Bragantino\/SP nas divis\u00f5es de base e posteriormente, o atleta jogou no Union Sab\u00e1\/Honduras, Gr\u00eamio Barueri\/SP, XV de Piracicaba\/SP, Marc\u00edlio Dias\/SC, S\u00e3o Jos\u00e9\/SP, Inter de Limeira\/SP, Fernand\u00f3polis\/SP, Ceil\u00e2ndia\/DF, Sobradinho\/DF, Madureira\/RJ, Am\u00e9rica\/GO e Real FC\/DF. O \u00faltimo clube do lateral-direito foi a Anapolina\/GO.<\/p>\n<p style=\"text-align: justify;\">O Alvinegro de Caruaru segue as contrata\u00e7\u00f5es no objetivo de conquistar grandes resultados no Campeonato Pernambucano S\u00e9rie A1 e Brasileir\u00e3o da S\u00e9rie D.<\/p>\n<p style=\"text-align: justify;\">Informa\u00e7\u00f5es: Departamento de Comunica\u00e7\u00e3o do Central Sport Club.<\/p>\n","protected":false},"excerpt":{"rendered":"<p>Luan Andrade Santana, o Luan Andrade, 29 anos, chega ao Central Sport Club para a temporada 2020. O lateral-direito vestiu&hellip;<\/p>\n","protected":false},"author":1,"featured_media":50169,"comment_status":"open","ping_status":"open","sticky":false,"template":"","format":"standard","meta":{"footnotes":""},"categories":[14124],"tags":[2,16881,16970],"class_list":["post-50168","post","type-post","status-publish","format-standard","has-post-thumbnail","hentry","category-centralsc","tag-blog-do-edvaldo-magalhaes","tag-caruaru-e-regiao","tag-central-contrata-lateral-direito-para-a-temporada-2020"],"_links":{"self":[{"href":"https:\/\/blogdoedvaldomagalhaes.com.br\/index.php\/wp-json\/wp\/v2\/posts\/50168","targetHints":{"allow":["GET"]}}],"collection":[{"href":"https:\/\/blogdoedvaldomagalhaes.com.br\/index.php\/wp-json\/wp\/v2\/posts"}],"about":[{"href":"https:\/\/blogdoedvaldomagalhaes.com.br\/index.php\/wp-json\/wp\/v2\/types\/post"}],"author":[{"embeddable":true,"href":"https:\/\/blogdoedvaldomagalhaes.com.br\/index.php\/wp-json\/wp\/v2\/users\/1"}],"replies":[{"embeddable":true,"href":"https:\/\/blogdoedvaldomagalhaes.com.br\/index.php\/wp-json\/wp\/v2\/comments?post=50168"}],"version-history":[{"count":1,"href":"https:\/\/blogdoedvaldomagalhaes.com.br\/index.php\/wp-json\/wp\/v2\/posts\/50168\/revisions"}],"predecessor-version":[{"id":50170,"href":"https:\/\/blogdoedvaldomagalhaes.com.br\/index.php\/wp-json\/wp\/v2\/posts\/50168\/revisions\/50170"}],"wp:featuredmedia":[{"embeddable":true,"href":"https:\/\/blogdoedvaldomagalhaes.com.br\/index.php\/wp-json\/wp\/v2\/media\/50169"}],"wp:attachment":[{"href":"https:\/\/blogdoedvaldomagalhaes.com.br\/index.php\/wp-json\/wp\/v2\/media?parent=50168"}],"wp:term":[{"taxonomy":"category","embeddable":true,"href":"https:\/\/blogdoedvaldomagalhaes.com.br\/index.php\/wp-json\/wp\/v2\/categories?post=50168"},{"taxonomy":"post_tag","embeddable":true,"href":"https:\/\/blogdoedvaldomagalhaes.com.br\/index.php\/wp-json\/wp\/v2\/tags?post=50168"}],"curies":[{"name":"wp","href":"https:\/\/api.w.org\/{rel}","templated":true}]}}