{"id":5016,"date":"2017-08-18T18:49:00","date_gmt":"2017-08-18T21:49:00","guid":{"rendered":"http:\/\/blogdoedvaldomagalhaes.com.br\/index.php\/2017\/08\/18\/vereador-pede-instalacao-de-brinquedos\/"},"modified":"2019-02-09T01:40:21","modified_gmt":"2019-02-09T03:40:21","slug":"vereador-pede-instalacao-de-brinquedos","status":"publish","type":"post","link":"https:\/\/blogdoedvaldomagalhaes.com.br\/index.php\/2017\/08\/18\/vereador-pede-instalacao-de-brinquedos\/","title":{"rendered":"Vereador pede instala\u00e7\u00e3o de brinquedos e equipamentos para pessoas com defici\u00eancia em todas as \u00e1reas de lazer de Caruaru"},"content":{"rendered":"<div class=\"separator\" style=\"clear: both; text-align: center;\">\n<a href=\"https:\/\/4.bp.blogspot.com\/-4DaisE4yRGI\/WZc2kTB-O-I\/AAAAAAAAcDw\/JemRp82MPUcjqxK3MX1t5elZ0dz_qJ_KwCLcBGAs\/s1600\/brinquedo.jpg\" imageanchor=\"1\" style=\"margin-left: 1em; margin-right: 1em;\"><img loading=\"lazy\" decoding=\"async\" border=\"0\" data-original-height=\"365\" data-original-width=\"680\" height=\"213\" src=\"http:\/\/blogdoedvaldomagalhaes.com.br\/wp-content\/uploads\/2017\/08\/brinquedo.jpg\" width=\"400\" \/><\/a><\/div>\n<div class=\"MsoNormal\" style=\"text-align: justify;\">\n<\/div>\n<div class=\"MsoNormal\" style=\"text-align: justify;\">\nDurante reuni\u00e3o ordin\u00e1ria realizada nessa<br \/>\nquinta-feira (17), na C\u00e2mara Municipal, o vereador Fagner Fernandes<br \/>\napresentou um requerimento que diz respeito<br \/>\nao acesso de crian\u00e7as portadoras de algum tipo de defici\u00eancia, aos brinquedos e<br \/>\nequipamentos que s\u00e3o disponibilizados nos parques e pra\u00e7as de nossa cidade.<\/div>\n<div class=\"MsoNormal\" style=\"text-align: justify;\">\n<\/div>\n<div class=\"MsoNormal\" style=\"text-align: justify;\">\nA Constitui\u00e7\u00e3o Federal<br \/>\nassegura o pleno exerc\u00edcio&nbsp; dos direitos<br \/>\nindividuais e sociais das pessoas portadoras de defici\u00eancia e sua efetiva<br \/>\nintegra\u00e7\u00e3o social. Dessa forma a lei imp\u00f5e ao Poder P\u00fablico, o dever de<br \/>\ngarantir o lazer as pessoas com defici\u00eancia, contribuindo dessa forma para a<br \/>\ninclus\u00e3o das mesmas.&nbsp;<\/div>\n<div class=\"MsoNormal\" style=\"text-align: justify;\">\n<\/div>\n<div class=\"MsoNormal\" style=\"text-align: justify;\">\nPara Fagner \u00e9 de suma<br \/>\nimport\u00e2ncia para a sociedade o contato entre crian\u00e7as, com defici\u00eancia&nbsp; ou n\u00e3o, de forma a estimular a constru\u00e7\u00e3o de<br \/>\num mundo mais inclusivo e consequentemente mais tolerante. \u201cOs brinquedos instalados&nbsp; nos parques e \u00e1reas de lazer de nosso<br \/>\nmunic\u00edpio n\u00e3o podem ser usados por crian\u00e7as portadoras de defici\u00eancia , de<br \/>\nforma que n\u00e3o oferecem seguran\u00e7a ao usu\u00e1rio. A instala\u00e7\u00e3o dos brinquedos<br \/>\nadaptados possibilitar\u00e1 n\u00e3o apenas o entretenimento, como tamb\u00e9m contribuir\u00e1<br \/>\npara o desenvolvimento, a partir da intera\u00e7\u00e3o entre diversas crian\u00e7as\u201d,<br \/>\ndestacou o vereador.<\/div>\n<div class=\"MsoNormal\" style=\"text-align: justify;\">\n<\/div>\n<p><\/p>\n<div class=\"MsoNormal\" style=\"text-align: justify;\">\nAcompanhando o requerimento,<br \/>\nsegue tamb\u00e9m Projeto de lei de autoria de Fagner, que obriga a instala\u00e7\u00e3o de<br \/>\nbrinquedos e equipamentos para pessoas com defici\u00eancia em todas as \u00e1reas de<br \/>\nlazer do munic\u00edpio.<\/div>\n","protected":false},"excerpt":{"rendered":"<p>Durante reuni\u00e3o ordin\u00e1ria realizada nessa quinta-feira (17), na C\u00e2mara Municipal, o vereador Fagner Fernandes apresentou um requerimento que diz respeito&hellip;<\/p>\n","protected":false},"author":1,"featured_media":0,"comment_status":"open","ping_status":"open","sticky":false,"template":"","format":"standard","meta":{"footnotes":""},"categories":[1],"tags":[2,2945,3121,20,6467],"class_list":["post-5016","post","type-post","status-publish","format-standard","hentry","category-sem-categoria","tag-blog-do-edvaldo-magalhaes","tag-fagner-fernandes","tag-noticias-da-politica","tag-politica","tag-vereador-pede-instalacao-de-brinquedos-e-equipamentos-para-pessoas-com-deficiencia-nas-areas-de-lazer"],"_links":{"self":[{"href":"https:\/\/blogdoedvaldomagalhaes.com.br\/index.php\/wp-json\/wp\/v2\/posts\/5016","targetHints":{"allow":["GET"]}}],"collection":[{"href":"https:\/\/blogdoedvaldomagalhaes.com.br\/index.php\/wp-json\/wp\/v2\/posts"}],"about":[{"href":"https:\/\/blogdoedvaldomagalhaes.com.br\/index.php\/wp-json\/wp\/v2\/types\/post"}],"author":[{"embeddable":true,"href":"https:\/\/blogdoedvaldomagalhaes.com.br\/index.php\/wp-json\/wp\/v2\/users\/1"}],"replies":[{"embeddable":true,"href":"https:\/\/blogdoedvaldomagalhaes.com.br\/index.php\/wp-json\/wp\/v2\/comments?post=5016"}],"version-history":[{"count":1,"href":"https:\/\/blogdoedvaldomagalhaes.com.br\/index.php\/wp-json\/wp\/v2\/posts\/5016\/revisions"}],"predecessor-version":[{"id":23292,"href":"https:\/\/blogdoedvaldomagalhaes.com.br\/index.php\/wp-json\/wp\/v2\/posts\/5016\/revisions\/23292"}],"wp:attachment":[{"href":"https:\/\/blogdoedvaldomagalhaes.com.br\/index.php\/wp-json\/wp\/v2\/media?parent=5016"}],"wp:term":[{"taxonomy":"category","embeddable":true,"href":"https:\/\/blogdoedvaldomagalhaes.com.br\/index.php\/wp-json\/wp\/v2\/categories?post=5016"},{"taxonomy":"post_tag","embeddable":true,"href":"https:\/\/blogdoedvaldomagalhaes.com.br\/index.php\/wp-json\/wp\/v2\/tags?post=5016"}],"curies":[{"name":"wp","href":"https:\/\/api.w.org\/{rel}","templated":true}]}}