{"id":50158,"date":"2019-12-30T13:29:30","date_gmt":"2019-12-30T16:29:30","guid":{"rendered":"http:\/\/blogdoedvaldomagalhaes.com.br\/?p=50158"},"modified":"2019-12-30T17:54:03","modified_gmt":"2019-12-30T20:54:03","slug":"dois-mortos-e-feridos-apos-colisao-frontal-entre-dois-carros-em-surubim","status":"publish","type":"post","link":"https:\/\/blogdoedvaldomagalhaes.com.br\/index.php\/2019\/12\/30\/dois-mortos-e-feridos-apos-colisao-frontal-entre-dois-carros-em-surubim\/","title":{"rendered":"Dois mortos e feridos ap\u00f3s colis\u00e3o frontal entre dois carros em Surubim"},"content":{"rendered":"<p style=\"text-align: justify;\">A colis\u00e3o frontal entre dois carros ocorreu na PE-106, no munic\u00edpio de Surubim, na manh\u00e3 desta segunda-feira (30). Segundo informa\u00e7\u00f5es, o motorista de um dos carros e um passageiro morreram no local, enquanto que quatro pessoas foram socorridas para os hospitais da regi\u00e3o. Jos\u00e9 Henrique da Silva, morreu ap\u00f3s ser atendido na UPA do Coqueiro, a senhora Josefa Valdecir Santos da Souza, tamb\u00e9m faleceu.\u00a0<\/p>\n<p style=\"text-align: justify;\">A base a\u00e9rea da Pol\u00edcia Rodovi\u00e1ria Federal &#8211; PRF, fez o resgate de uma mulqher de 50 anos, que foi socorrida com suspeitas de fratura da t\u00edbia e na bacia. A v\u00edtima foi encaminhada para o Hospital da Restaura\u00e7\u00e3o &#8211; HR, em Recife.<\/p>\n\n\n<figure class=\"wp-block-image size-large\"><img loading=\"lazy\" decoding=\"async\" width=\"1024\" height=\"768\" src=\"http:\/\/blogdoedvaldomagalhaes.com.br\/wp-content\/uploads\/2019\/12\/IMG-20191230-WA0308.jpg\" alt=\"\" class=\"wp-image-50216\" srcset=\"https:\/\/blogdoedvaldomagalhaes.com.br\/wp-content\/uploads\/2019\/12\/IMG-20191230-WA0308.jpg 1024w, https:\/\/blogdoedvaldomagalhaes.com.br\/wp-content\/uploads\/2019\/12\/IMG-20191230-WA0308-300x225.jpg 300w, https:\/\/blogdoedvaldomagalhaes.com.br\/wp-content\/uploads\/2019\/12\/IMG-20191230-WA0308-768x576.jpg 768w, https:\/\/blogdoedvaldomagalhaes.com.br\/wp-content\/uploads\/2019\/12\/IMG-20191230-WA0308-160x120.jpg 160w\" sizes=\"auto, (max-width: 1024px) 100vw, 1024px\" \/><\/figure>\n\n\n\n<figure class=\"wp-block-image size-large\"><img loading=\"lazy\" decoding=\"async\" width=\"576\" height=\"1024\" src=\"http:\/\/blogdoedvaldomagalhaes.com.br\/wp-content\/uploads\/2019\/12\/IMG-20191230-WA0152-576x1024.jpg\" alt=\"\" class=\"wp-image-50160\" srcset=\"https:\/\/blogdoedvaldomagalhaes.com.br\/wp-content\/uploads\/2019\/12\/IMG-20191230-WA0152-576x1024.jpg 576w, https:\/\/blogdoedvaldomagalhaes.com.br\/wp-content\/uploads\/2019\/12\/IMG-20191230-WA0152-169x300.jpg 169w, https:\/\/blogdoedvaldomagalhaes.com.br\/wp-content\/uploads\/2019\/12\/IMG-20191230-WA0152.jpg 720w\" sizes=\"auto, (max-width: 576px) 100vw, 576px\" \/><figcaption>Fotos: Reprodu\u00e7\u00e3o\/Whatsapp <\/figcaption><\/figure>\n\n\n\n<figure class=\"wp-block-image size-large\"><img loading=\"lazy\" decoding=\"async\" width=\"1024\" height=\"576\" src=\"http:\/\/blogdoedvaldomagalhaes.com.br\/wp-content\/uploads\/2019\/12\/IMG-20191230-WA0205-1024x576.jpg\" alt=\"\" class=\"wp-image-50162\" srcset=\"https:\/\/blogdoedvaldomagalhaes.com.br\/wp-content\/uploads\/2019\/12\/IMG-20191230-WA0205-1024x576.jpg 1024w, https:\/\/blogdoedvaldomagalhaes.com.br\/wp-content\/uploads\/2019\/12\/IMG-20191230-WA0205-300x169.jpg 300w, https:\/\/blogdoedvaldomagalhaes.com.br\/wp-content\/uploads\/2019\/12\/IMG-20191230-WA0205-768x432.jpg 768w, https:\/\/blogdoedvaldomagalhaes.com.br\/wp-content\/uploads\/2019\/12\/IMG-20191230-WA0205-1140x641.jpg 1140w, https:\/\/blogdoedvaldomagalhaes.com.br\/wp-content\/uploads\/2019\/12\/IMG-20191230-WA0205-720x405.jpg 720w, https:\/\/blogdoedvaldomagalhaes.com.br\/wp-content\/uploads\/2019\/12\/IMG-20191230-WA0205.jpg 1280w\" sizes=\"auto, (max-width: 1024px) 100vw, 1024px\" \/><\/figure>\n\n\n\n<figure class=\"wp-block-image size-large\"><img loading=\"lazy\" decoding=\"async\" width=\"1024\" height=\"576\" src=\"http:\/\/blogdoedvaldomagalhaes.com.br\/wp-content\/uploads\/2019\/12\/IMG-20191230-WA0206-1024x576.jpg\" alt=\"\" class=\"wp-image-50163\" srcset=\"https:\/\/blogdoedvaldomagalhaes.com.br\/wp-content\/uploads\/2019\/12\/IMG-20191230-WA0206-1024x576.jpg 1024w, https:\/\/blogdoedvaldomagalhaes.com.br\/wp-content\/uploads\/2019\/12\/IMG-20191230-WA0206-300x169.jpg 300w, https:\/\/blogdoedvaldomagalhaes.com.br\/wp-content\/uploads\/2019\/12\/IMG-20191230-WA0206-768x432.jpg 768w, https:\/\/blogdoedvaldomagalhaes.com.br\/wp-content\/uploads\/2019\/12\/IMG-20191230-WA0206-1140x641.jpg 1140w, https:\/\/blogdoedvaldomagalhaes.com.br\/wp-content\/uploads\/2019\/12\/IMG-20191230-WA0206-720x405.jpg 720w, https:\/\/blogdoedvaldomagalhaes.com.br\/wp-content\/uploads\/2019\/12\/IMG-20191230-WA0206.jpg 1280w\" sizes=\"auto, (max-width: 1024px) 100vw, 1024px\" \/><\/figure>\n\n\n\n<figure class=\"wp-block-image size-large\"><img loading=\"lazy\" decoding=\"async\" width=\"1024\" height=\"650\" src=\"http:\/\/blogdoedvaldomagalhaes.com.br\/wp-content\/uploads\/2019\/12\/IMG-20191230-WA0208-1024x650.jpg\" alt=\"\" class=\"wp-image-50164\" srcset=\"https:\/\/blogdoedvaldomagalhaes.com.br\/wp-content\/uploads\/2019\/12\/IMG-20191230-WA0208-1024x650.jpg 1024w, https:\/\/blogdoedvaldomagalhaes.com.br\/wp-content\/uploads\/2019\/12\/IMG-20191230-WA0208-300x190.jpg 300w, https:\/\/blogdoedvaldomagalhaes.com.br\/wp-content\/uploads\/2019\/12\/IMG-20191230-WA0208-768x488.jpg 768w, https:\/\/blogdoedvaldomagalhaes.com.br\/wp-content\/uploads\/2019\/12\/IMG-20191230-WA0208.jpg 1134w\" sizes=\"auto, (max-width: 1024px) 100vw, 1024px\" \/><\/figure>\n\n\n\n<figure class=\"wp-block-image size-large\"><img loading=\"lazy\" decoding=\"async\" width=\"1024\" height=\"576\" src=\"http:\/\/blogdoedvaldomagalhaes.com.br\/wp-content\/uploads\/2019\/12\/IMG-20191230-WA0207-1024x576.jpg\" alt=\"\" class=\"wp-image-50165\" srcset=\"https:\/\/blogdoedvaldomagalhaes.com.br\/wp-content\/uploads\/2019\/12\/IMG-20191230-WA0207-1024x576.jpg 1024w, https:\/\/blogdoedvaldomagalhaes.com.br\/wp-content\/uploads\/2019\/12\/IMG-20191230-WA0207-300x169.jpg 300w, https:\/\/blogdoedvaldomagalhaes.com.br\/wp-content\/uploads\/2019\/12\/IMG-20191230-WA0207-768x432.jpg 768w, https:\/\/blogdoedvaldomagalhaes.com.br\/wp-content\/uploads\/2019\/12\/IMG-20191230-WA0207-1140x641.jpg 1140w, https:\/\/blogdoedvaldomagalhaes.com.br\/wp-content\/uploads\/2019\/12\/IMG-20191230-WA0207-720x405.jpg 720w, https:\/\/blogdoedvaldomagalhaes.com.br\/wp-content\/uploads\/2019\/12\/IMG-20191230-WA0207.jpg 1280w\" sizes=\"auto, (max-width: 1024px) 100vw, 1024px\" \/><figcaption>Fotos: PRF\/Divulga\u00e7\u00e3o <\/figcaption><\/figure>\n","protected":false},"excerpt":{"rendered":"<p>A colis\u00e3o frontal entre dois carros ocorreu na PE-106, no munic\u00edpio de Surubim, na manh\u00e3 desta segunda-feira (30). Segundo informa\u00e7\u00f5es,&hellip;<\/p>\n","protected":false},"author":1,"featured_media":50159,"comment_status":"open","ping_status":"open","sticky":false,"template":"","format":"standard","meta":{"footnotes":""},"categories":[14120],"tags":[16881,16969],"class_list":["post-50158","post","type-post","status-publish","format-standard","has-post-thumbnail","hentry","category-noticias","tag-caruaru-e-regiao","tag-dois-mortos-e-feridos-apos-colisao-frontal-entre-dois-carros-em-surubim"],"_links":{"self":[{"href":"https:\/\/blogdoedvaldomagalhaes.com.br\/index.php\/wp-json\/wp\/v2\/posts\/50158","targetHints":{"allow":["GET"]}}],"collection":[{"href":"https:\/\/blogdoedvaldomagalhaes.com.br\/index.php\/wp-json\/wp\/v2\/posts"}],"about":[{"href":"https:\/\/blogdoedvaldomagalhaes.com.br\/index.php\/wp-json\/wp\/v2\/types\/post"}],"author":[{"embeddable":true,"href":"https:\/\/blogdoedvaldomagalhaes.com.br\/index.php\/wp-json\/wp\/v2\/users\/1"}],"replies":[{"embeddable":true,"href":"https:\/\/blogdoedvaldomagalhaes.com.br\/index.php\/wp-json\/wp\/v2\/comments?post=50158"}],"version-history":[{"count":6,"href":"https:\/\/blogdoedvaldomagalhaes.com.br\/index.php\/wp-json\/wp\/v2\/posts\/50158\/revisions"}],"predecessor-version":[{"id":50217,"href":"https:\/\/blogdoedvaldomagalhaes.com.br\/index.php\/wp-json\/wp\/v2\/posts\/50158\/revisions\/50217"}],"wp:featuredmedia":[{"embeddable":true,"href":"https:\/\/blogdoedvaldomagalhaes.com.br\/index.php\/wp-json\/wp\/v2\/media\/50159"}],"wp:attachment":[{"href":"https:\/\/blogdoedvaldomagalhaes.com.br\/index.php\/wp-json\/wp\/v2\/media?parent=50158"}],"wp:term":[{"taxonomy":"category","embeddable":true,"href":"https:\/\/blogdoedvaldomagalhaes.com.br\/index.php\/wp-json\/wp\/v2\/categories?post=50158"},{"taxonomy":"post_tag","embeddable":true,"href":"https:\/\/blogdoedvaldomagalhaes.com.br\/index.php\/wp-json\/wp\/v2\/tags?post=50158"}],"curies":[{"name":"wp","href":"https:\/\/api.w.org\/{rel}","templated":true}]}}