{"id":5015,"date":"2017-08-18T19:00:00","date_gmt":"2017-08-18T22:00:00","guid":{"rendered":"http:\/\/blogdoedvaldomagalhaes.com.br\/index.php\/2017\/08\/18\/adote-um-amigo-doacao-de-caes-e-gatos\/"},"modified":"2019-02-09T01:40:21","modified_gmt":"2019-02-09T03:40:21","slug":"adote-um-amigo-doacao-de-caes-e-gatos","status":"publish","type":"post","link":"https:\/\/blogdoedvaldomagalhaes.com.br\/index.php\/2017\/08\/18\/adote-um-amigo-doacao-de-caes-e-gatos\/","title":{"rendered":"Adote um Amigo:  doa\u00e7\u00e3o de c\u00e3es e gatos no Caruaru Shopping"},"content":{"rendered":"<div class=\"separator\" style=\"clear: both; text-align: center;\">\n<a href=\"https:\/\/3.bp.blogspot.com\/-ExLpux8iRRg\/WZc4CmLOiXI\/AAAAAAAAcD8\/c4CVWcK4DGoBB2i_0nLoyQWU06TmAdotwCLcBGAs\/s1600\/c%25C3%25A3es.JPG\" imageanchor=\"1\" style=\"margin-left: 1em; margin-right: 1em;\"><img loading=\"lazy\" decoding=\"async\" border=\"0\" data-original-height=\"1063\" data-original-width=\"1600\" height=\"265\" src=\"http:\/\/blogdoedvaldomagalhaes.com.br\/wp-content\/uploads\/2017\/08\/cC3A3es.jpg\" width=\"400\" \/><\/a><\/div>\n<div class=\"MsoNormal\" style=\"text-align: justify;\">\n<\/div>\n<div class=\"MsoNormal\" style=\"text-align: justify;\">\nQuem estiver pensando em<br \/>\nadotar um animal, poder\u00e1 ir, no pr\u00f3ximo domingo (20), ao Caruaru Shopping, que<br \/>\nsair\u00e1 de l\u00e1 com um amigo fiel. O evento de doa\u00e7\u00e3o \u201cAdote um Amigo\u201d, ser\u00e1<br \/>\nrealizado no 3\u00ba piso do edif\u00edcio garagem, das 11h \u00e0s 17h. A iniciativa \u00e9 uma<br \/>\nparceria entre a Prefeitura de Caruaru, atrav\u00e9s da Ger\u00eancia de Prote\u00e7\u00e3o Animal<br \/>\n(GPA) da Secretaria de Servi\u00e7os P\u00fablicos, e o Caruaru Shopping.<\/div>\n<div class=\"MsoNormal\" style=\"text-align: justify;\">\n<\/div>\n<div class=\"MsoNormal\" style=\"text-align: justify;\">\nPara adotar \u00e9 f\u00e1cil: basta<br \/>\nser maior de 18 anos e apresentar documento com foto e comprovante de<br \/>\nresid\u00eancia. Os animais j\u00e1 est\u00e3o devidamente tratados e&nbsp; vermifugados, sendo que os adultos j\u00e1 ser\u00e3o<br \/>\nentregues castrados. Estes animais t\u00eam prioridade em atendimentos e consultas<br \/>\nna GPA, e podem ser devolvidos, caso o adotante se veja impossibilitado de<br \/>\ncuidar do amigo. <\/div>\n<div class=\"MsoNormal\" style=\"text-align: justify;\">\n<\/div>\n<div class=\"MsoNormal\" style=\"text-align: justify;\">\nOs animais tamb\u00e9m podem ser<br \/>\nadotados, de segunda a sexta-feira, das 7h \u00e0s 13h, na GPA, que fica localizada<br \/>\nna Avenida R\u00e1dio Cultura do Nordeste, n\u00ba 1000, bairro Indian\u00f3polis. O telefone<br \/>\npara contato e informa\u00e7\u00f5es \u00e9 3724-0333.<\/div>\n<div class=\"MsoNormal\" style=\"text-align: justify;\">\n<\/div>\n<p><\/p>\n<div class=\"MsoNormal\" style=\"text-align: justify;\">\nO pr\u00f3ximo evento de doa\u00e7\u00e3o<br \/>\nser\u00e1 realizado nos dias 29, 30 e 31 de agosto, em local a ser definido.<\/div>\n","protected":false},"excerpt":{"rendered":"<p>Quem estiver pensando em adotar um animal, poder\u00e1 ir, no pr\u00f3ximo domingo (20), ao Caruaru Shopping, que sair\u00e1 de l\u00e1&hellip;<\/p>\n","protected":false},"author":1,"featured_media":0,"comment_status":"open","ping_status":"open","sticky":false,"template":"","format":"standard","meta":{"footnotes":""},"categories":[1],"tags":[6465,6466,1527,2,6,1950],"class_list":["post-5015","post","type-post","status-publish","format-standard","hentry","category-sem-categoria","tag-adote-um-amigo-doacao-de-caes-e-gatos-no-caruaru-shopping","tag-avenida-radio-cultura-do-nordeste","tag-bairro-indianopolis","tag-blog-do-edvaldo-magalhaes","tag-noticias","tag-noticias-de-caruaru"],"_links":{"self":[{"href":"https:\/\/blogdoedvaldomagalhaes.com.br\/index.php\/wp-json\/wp\/v2\/posts\/5015","targetHints":{"allow":["GET"]}}],"collection":[{"href":"https:\/\/blogdoedvaldomagalhaes.com.br\/index.php\/wp-json\/wp\/v2\/posts"}],"about":[{"href":"https:\/\/blogdoedvaldomagalhaes.com.br\/index.php\/wp-json\/wp\/v2\/types\/post"}],"author":[{"embeddable":true,"href":"https:\/\/blogdoedvaldomagalhaes.com.br\/index.php\/wp-json\/wp\/v2\/users\/1"}],"replies":[{"embeddable":true,"href":"https:\/\/blogdoedvaldomagalhaes.com.br\/index.php\/wp-json\/wp\/v2\/comments?post=5015"}],"version-history":[{"count":1,"href":"https:\/\/blogdoedvaldomagalhaes.com.br\/index.php\/wp-json\/wp\/v2\/posts\/5015\/revisions"}],"predecessor-version":[{"id":23294,"href":"https:\/\/blogdoedvaldomagalhaes.com.br\/index.php\/wp-json\/wp\/v2\/posts\/5015\/revisions\/23294"}],"wp:attachment":[{"href":"https:\/\/blogdoedvaldomagalhaes.com.br\/index.php\/wp-json\/wp\/v2\/media?parent=5015"}],"wp:term":[{"taxonomy":"category","embeddable":true,"href":"https:\/\/blogdoedvaldomagalhaes.com.br\/index.php\/wp-json\/wp\/v2\/categories?post=5015"},{"taxonomy":"post_tag","embeddable":true,"href":"https:\/\/blogdoedvaldomagalhaes.com.br\/index.php\/wp-json\/wp\/v2\/tags?post=5015"}],"curies":[{"name":"wp","href":"https:\/\/api.w.org\/{rel}","templated":true}]}}