{"id":50140,"date":"2019-12-30T07:19:40","date_gmt":"2019-12-30T10:19:40","guid":{"rendered":"http:\/\/blogdoedvaldomagalhaes.com.br\/?p=50140"},"modified":"2019-12-30T13:44:45","modified_gmt":"2019-12-30T16:44:45","slug":"central-vence-primeiro-jogo-treino-da-pre-temporada","status":"publish","type":"post","link":"https:\/\/blogdoedvaldomagalhaes.com.br\/index.php\/2019\/12\/30\/central-vence-primeiro-jogo-treino-da-pre-temporada\/","title":{"rendered":"Central vence primeiro jogo-treino da pr\u00e9 temporada"},"content":{"rendered":"<p style=\"text-align: justify;\">Na tarde desse domingo (29), o Central Sport Club realizou um jogo-treino no Est\u00e1dio Luiz Jos\u00e9 de Lacerda, o Lacerd\u00e3o. A Patativa do Agreste venceu o Gr\u00eamio Primaverense pelo placar de 2 x 0, com gols dos atacantes Bambam e Ca\u00edque, no primeiro e segundo tempo respectivamente.<\/p>\n<p style=\"text-align: justify;\">No domingo (05), o Alvinegro Caruaruense entrar\u00e1 em campo mais uma vez, para enfrentar o Sport Club Lagoa Seca\/PB, \u00e0s 16h, no Est\u00e1dio Ernani S\u00e1tyro, o Amig\u00e3o, em Campina Grande\/PB.<\/p>\n<p style=\"text-align: justify;\">Os jogos s\u00e3o preparativos visando a temporada 2020, na qual o Central de Caruaru ir\u00e1 disputar o Campeonato Pernambucano S\u00e9rie A1 e Brasileir\u00e3o da S\u00e9rie D.<\/p>\n<p style=\"text-align: justify;\">Informa\u00e7\u00f5es: Departamento de Comunica\u00e7\u00e3o do Central Sport Club.<\/p>\n","protected":false},"excerpt":{"rendered":"<p>Na tarde desse domingo (29), o Central Sport Club realizou um jogo-treino no Est\u00e1dio Luiz Jos\u00e9 de Lacerda, o Lacerd\u00e3o.&hellip;<\/p>\n","protected":false},"author":1,"featured_media":50141,"comment_status":"open","ping_status":"open","sticky":false,"template":"","format":"standard","meta":{"footnotes":""},"categories":[14123],"tags":[2,16881,16965],"class_list":["post-50140","post","type-post","status-publish","format-standard","has-post-thumbnail","hentry","category-futebol","tag-blog-do-edvaldo-magalhaes","tag-caruaru-e-regiao","tag-central-vence-primeiro-jogo-treino-da-pre-temporada"],"_links":{"self":[{"href":"https:\/\/blogdoedvaldomagalhaes.com.br\/index.php\/wp-json\/wp\/v2\/posts\/50140","targetHints":{"allow":["GET"]}}],"collection":[{"href":"https:\/\/blogdoedvaldomagalhaes.com.br\/index.php\/wp-json\/wp\/v2\/posts"}],"about":[{"href":"https:\/\/blogdoedvaldomagalhaes.com.br\/index.php\/wp-json\/wp\/v2\/types\/post"}],"author":[{"embeddable":true,"href":"https:\/\/blogdoedvaldomagalhaes.com.br\/index.php\/wp-json\/wp\/v2\/users\/1"}],"replies":[{"embeddable":true,"href":"https:\/\/blogdoedvaldomagalhaes.com.br\/index.php\/wp-json\/wp\/v2\/comments?post=50140"}],"version-history":[{"count":1,"href":"https:\/\/blogdoedvaldomagalhaes.com.br\/index.php\/wp-json\/wp\/v2\/posts\/50140\/revisions"}],"predecessor-version":[{"id":50142,"href":"https:\/\/blogdoedvaldomagalhaes.com.br\/index.php\/wp-json\/wp\/v2\/posts\/50140\/revisions\/50142"}],"wp:featuredmedia":[{"embeddable":true,"href":"https:\/\/blogdoedvaldomagalhaes.com.br\/index.php\/wp-json\/wp\/v2\/media\/50141"}],"wp:attachment":[{"href":"https:\/\/blogdoedvaldomagalhaes.com.br\/index.php\/wp-json\/wp\/v2\/media?parent=50140"}],"wp:term":[{"taxonomy":"category","embeddable":true,"href":"https:\/\/blogdoedvaldomagalhaes.com.br\/index.php\/wp-json\/wp\/v2\/categories?post=50140"},{"taxonomy":"post_tag","embeddable":true,"href":"https:\/\/blogdoedvaldomagalhaes.com.br\/index.php\/wp-json\/wp\/v2\/tags?post=50140"}],"curies":[{"name":"wp","href":"https:\/\/api.w.org\/{rel}","templated":true}]}}