{"id":5014,"date":"2017-08-18T19:06:00","date_gmt":"2017-08-18T22:06:00","guid":{"rendered":"http:\/\/blogdoedvaldomagalhaes.com.br\/index.php\/2017\/08\/18\/caruaru-sedia-semana-municipal-da\/"},"modified":"2019-02-09T01:40:21","modified_gmt":"2019-02-09T03:40:21","slug":"caruaru-sedia-semana-municipal-da","status":"publish","type":"post","link":"https:\/\/blogdoedvaldomagalhaes.com.br\/index.php\/2017\/08\/18\/caruaru-sedia-semana-municipal-da\/","title":{"rendered":"Caruaru sedia Semana Municipal da Pessoa com Defici\u00eancia"},"content":{"rendered":"<div class=\"MsoNormal\" style=\"line-height: 115%; text-align: justify;\">\n<\/div>\n<div class=\"separator\" style=\"clear: both; text-align: center;\">\n<a href=\"https:\/\/1.bp.blogspot.com\/-vpKhkVT69j8\/WZc6bXKOnlI\/AAAAAAAAcEI\/HRsJE14Ljic8yu4VCrRgNBrastP5Uj9HgCLcBGAs\/s1600\/semana.jpg\" imageanchor=\"1\" style=\"margin-left: 1em; margin-right: 1em;\"><img loading=\"lazy\" decoding=\"async\" border=\"0\" data-original-height=\"908\" data-original-width=\"908\" height=\"400\" src=\"http:\/\/blogdoedvaldomagalhaes.com.br\/wp-content\/uploads\/2017\/08\/semana-1.jpg\" width=\"400\" \/><\/a><\/div>\n<div class=\"MsoNormal\" style=\"line-height: 115%; mso-margin-bottom-alt: auto; mso-margin-top-alt: auto; text-align: justify;\">\n<\/div>\n<div class=\"MsoNormal\" style=\"line-height: 115%; mso-margin-bottom-alt: auto; mso-margin-top-alt: auto; text-align: justify;\">\n<\/div>\n<div class=\"MsoNormal\" style=\"line-height: 115%; mso-margin-bottom-alt: auto; mso-margin-top-alt: auto; text-align: justify;\">\nEntre os dias 21 e 27 de agosto Caruaru ir\u00e1 sediar<br \/>\na Semana Municipal da Pessoa com Defici\u00eancia, tendo como tema central: \u2018<i>Transversalizando<br \/>\nas Pol\u00edticas P\u00fablicas\u2019.<\/i> A programa\u00e7\u00e3o do evento foi elaborada com o objeto<br \/>\nde focar no protagonismo e autonomia das pessoas com defici\u00eancia e informar<br \/>\nsobre acessibilidade e inclus\u00e3o, valores essenciais para conviv\u00eancia em<br \/>\nsociedade. Entre as a\u00e7\u00f5es previstas est\u00e3o a inaugura\u00e7\u00e3o de salas com recursos<br \/>\nmultifuncionais e laborat\u00f3rio de inclus\u00e3o social em escolas municipais.<\/div>\n<div class=\"MsoNormal\" style=\"line-height: 115%; mso-margin-bottom-alt: auto; mso-margin-top-alt: auto; text-align: justify;\">\n<\/div>\n<div class=\"MsoNormal\" style=\"line-height: 115%; mso-margin-bottom-alt: auto; mso-margin-top-alt: auto; text-align: justify;\">\nO evento tem o intuito de sensibilizar e<br \/>\nconscientizar a sociedade e os \u00f3rg\u00e3os p\u00fablicos e privados sobre os direitos<br \/>\nfundamentais, especialmente no direito \u00e0 cidadania das pessoas com defici\u00eancia,<br \/>\nconforme estabelece a Lei Estadual n\u00ba 13.381\/2007. \u201cPara as pessoas com<br \/>\ndefici\u00eancia o evento vem fomentar os avan\u00e7os e conquistas da categoria,<br \/>\nprincipalmente no que diz respeito \u00e0 acessibilidade\u201d, declarou a coordenadora<br \/>\nde Promo\u00e7\u00e3o da Pessoa com Defici\u00eancia, Rosimery Silva.<\/div>\n<div class=\"MsoNormal\" style=\"line-height: 115%; mso-margin-bottom-alt: auto; mso-margin-top-alt: auto; text-align: justify;\">\n<\/div>\n<div class=\"MsoNormal\" style=\"line-height: 115%; text-align: justify;\">\n<\/div>\n<div class=\"MsoNormal\" style=\"line-height: 115%; mso-margin-bottom-alt: auto; mso-margin-top-alt: auto; text-align: justify;\">\nA Secretaria de Desenvolvimento Social e Direitos<br \/>\nHumanos, atrav\u00e9s da Coordena\u00e7\u00e3o de Promo\u00e7\u00e3o da Pessoa com Defici\u00eancia est\u00e1 \u00e0<br \/>\nfrente da realiza\u00e7\u00e3o da Semana, junto ao Conselho Municipal de Defesa dos<br \/>\nDireitos da Pessoa com Defici\u00eancia. A Secretaria de Educa\u00e7\u00e3o de Caruaru tamb\u00e9m<br \/>\n\u00e9 parceira desta a\u00e7\u00e3o que est\u00e1 sendo realizada em sintonia com a<br \/>\nSuperintend\u00eancia Estadual de Apoio \u00e0 Pessoa com Defici\u00eancia &#8211; SEAD, \u00f3rg\u00e3o vinculado<br \/>\n\u00e0 Secretaria de Desenvolvimento Social, Crian\u00e7a e Juventude \u2013 SDSCJ.&nbsp;<\/div>\n","protected":false},"excerpt":{"rendered":"<p>Entre os dias 21 e 27 de agosto Caruaru ir\u00e1 sediar a Semana Municipal da Pessoa com Defici\u00eancia, tendo como&hellip;<\/p>\n","protected":false},"author":1,"featured_media":0,"comment_status":"open","ping_status":"open","sticky":false,"template":"","format":"standard","meta":{"footnotes":""},"categories":[1],"tags":[2,6463,6,6464],"class_list":["post-5014","post","type-post","status-publish","format-standard","hentry","category-sem-categoria","tag-blog-do-edvaldo-magalhaes","tag-caruaru-sedia-semana-municipal-da-pessoa-com-deficiencia","tag-noticias","tag-rosimery-silva"],"_links":{"self":[{"href":"https:\/\/blogdoedvaldomagalhaes.com.br\/index.php\/wp-json\/wp\/v2\/posts\/5014","targetHints":{"allow":["GET"]}}],"collection":[{"href":"https:\/\/blogdoedvaldomagalhaes.com.br\/index.php\/wp-json\/wp\/v2\/posts"}],"about":[{"href":"https:\/\/blogdoedvaldomagalhaes.com.br\/index.php\/wp-json\/wp\/v2\/types\/post"}],"author":[{"embeddable":true,"href":"https:\/\/blogdoedvaldomagalhaes.com.br\/index.php\/wp-json\/wp\/v2\/users\/1"}],"replies":[{"embeddable":true,"href":"https:\/\/blogdoedvaldomagalhaes.com.br\/index.php\/wp-json\/wp\/v2\/comments?post=5014"}],"version-history":[{"count":1,"href":"https:\/\/blogdoedvaldomagalhaes.com.br\/index.php\/wp-json\/wp\/v2\/posts\/5014\/revisions"}],"predecessor-version":[{"id":23296,"href":"https:\/\/blogdoedvaldomagalhaes.com.br\/index.php\/wp-json\/wp\/v2\/posts\/5014\/revisions\/23296"}],"wp:attachment":[{"href":"https:\/\/blogdoedvaldomagalhaes.com.br\/index.php\/wp-json\/wp\/v2\/media?parent=5014"}],"wp:term":[{"taxonomy":"category","embeddable":true,"href":"https:\/\/blogdoedvaldomagalhaes.com.br\/index.php\/wp-json\/wp\/v2\/categories?post=5014"},{"taxonomy":"post_tag","embeddable":true,"href":"https:\/\/blogdoedvaldomagalhaes.com.br\/index.php\/wp-json\/wp\/v2\/tags?post=5014"}],"curies":[{"name":"wp","href":"https:\/\/api.w.org\/{rel}","templated":true}]}}