{"id":50135,"date":"2019-12-30T03:22:37","date_gmt":"2019-12-30T06:22:37","guid":{"rendered":"http:\/\/blogdoedvaldomagalhaes.com.br\/?p=50135"},"modified":"2019-12-30T08:55:38","modified_gmt":"2019-12-30T11:55:38","slug":"terra-treme-em-caruaru-tremores-foram-sentidos-na-cidade-e-zona-rural","status":"publish","type":"post","link":"https:\/\/blogdoedvaldomagalhaes.com.br\/index.php\/2019\/12\/30\/terra-treme-em-caruaru-tremores-foram-sentidos-na-cidade-e-zona-rural\/","title":{"rendered":"Terra treme em Caruaru: tremores foram sentidos na cidade e zona rural"},"content":{"rendered":"<p style=\"text-align: justify;\">A terra tremeu na noite desse domingo (29), em Caruaru, O abalo s\u00edsmico forte ocorreu \u00e0s 22h30, sentido em toda cidade e na zona rural, e depois ocorreram outros tremores com menos intensidade.<\/p>\n<p style=\"text-align: justify;\">De acordo com o Laborat\u00f3rio de Sismologia da Universidade Federal do Rio Grande do Norte (UFRN), foram sentidos tr\u00eas abalos s\u00edsmicos ap\u00f3s \u00e0s 22h30, que atingiram <strong>2.2<\/strong>,\u00a0<strong>1.7<\/strong>\u00a0e\u00a0<strong>1.9<\/strong>\u00a0graus na escala Richter.<\/p>\n<p style=\"text-align: justify;\">De acordo com Eduardo Menezes, mestre em Geof\u00edsica da UFRN, o epicentro dos tremores ocorreu a 12 km de Caruaru e 7 km de S\u00e3o Caetano.<\/p>\n<p style=\"text-align: justify;\">O tremor de terra mais forte da hist\u00f3ria dos abalos s\u00edsmicos de Caruaru aconteceu \u00e0 1h20 do dia 20 de maio de 2006, que atingiu\u00a0<strong>4.0<\/strong>\u00a0graus na escala Richter, assustando moradores de v\u00e1rios munic\u00edpios do Agreste pernambucano. No dia 20 de mar\u00e7o de 2007, outro forte tremor foi sentido pela popula\u00e7\u00e3o, atingindo magnitude\u00a0<strong>3.9<\/strong>.<\/p>\n<p style=\"text-align: justify;\">Na \u00faltima quinta-feira (26), a terra tremeu em\u00a0<a href=\"http:\/\/liberdade.com.br\/tremor-de-terra-e-registrado-no-agreste-de-pernambuco\/\">Santa Cruz do Capibaribe<\/a>, atingindo magnitude de 2.1 graus na escala Richter.<\/p>\n<p style=\"text-align: justify;\">Por Helenivaldo Pereira.<\/p>\n<p style=\"text-align: justify;\">Foto: Jana\u00edna Pepeu.<\/p>\n","protected":false},"excerpt":{"rendered":"<p>A terra tremeu na noite desse domingo (29), em Caruaru, O abalo s\u00edsmico forte ocorreu \u00e0s 22h30, sentido em toda&hellip;<\/p>\n","protected":false},"author":1,"featured_media":50136,"comment_status":"open","ping_status":"open","sticky":false,"template":"","format":"standard","meta":{"footnotes":""},"categories":[14120],"tags":[2,16881,16964],"class_list":["post-50135","post","type-post","status-publish","format-standard","has-post-thumbnail","hentry","category-noticias","tag-blog-do-edvaldo-magalhaes","tag-caruaru-e-regiao","tag-terra-treme-em-caruaru-tremores-foram-sentidos-na-cidade-e-zona-rural"],"_links":{"self":[{"href":"https:\/\/blogdoedvaldomagalhaes.com.br\/index.php\/wp-json\/wp\/v2\/posts\/50135","targetHints":{"allow":["GET"]}}],"collection":[{"href":"https:\/\/blogdoedvaldomagalhaes.com.br\/index.php\/wp-json\/wp\/v2\/posts"}],"about":[{"href":"https:\/\/blogdoedvaldomagalhaes.com.br\/index.php\/wp-json\/wp\/v2\/types\/post"}],"author":[{"embeddable":true,"href":"https:\/\/blogdoedvaldomagalhaes.com.br\/index.php\/wp-json\/wp\/v2\/users\/1"}],"replies":[{"embeddable":true,"href":"https:\/\/blogdoedvaldomagalhaes.com.br\/index.php\/wp-json\/wp\/v2\/comments?post=50135"}],"version-history":[{"count":5,"href":"https:\/\/blogdoedvaldomagalhaes.com.br\/index.php\/wp-json\/wp\/v2\/posts\/50135\/revisions"}],"predecessor-version":[{"id":50144,"href":"https:\/\/blogdoedvaldomagalhaes.com.br\/index.php\/wp-json\/wp\/v2\/posts\/50135\/revisions\/50144"}],"wp:featuredmedia":[{"embeddable":true,"href":"https:\/\/blogdoedvaldomagalhaes.com.br\/index.php\/wp-json\/wp\/v2\/media\/50136"}],"wp:attachment":[{"href":"https:\/\/blogdoedvaldomagalhaes.com.br\/index.php\/wp-json\/wp\/v2\/media?parent=50135"}],"wp:term":[{"taxonomy":"category","embeddable":true,"href":"https:\/\/blogdoedvaldomagalhaes.com.br\/index.php\/wp-json\/wp\/v2\/categories?post=50135"},{"taxonomy":"post_tag","embeddable":true,"href":"https:\/\/blogdoedvaldomagalhaes.com.br\/index.php\/wp-json\/wp\/v2\/tags?post=50135"}],"curies":[{"name":"wp","href":"https:\/\/api.w.org\/{rel}","templated":true}]}}