{"id":50130,"date":"2019-12-30T03:13:43","date_gmt":"2019-12-30T06:13:43","guid":{"rendered":"http:\/\/blogdoedvaldomagalhaes.com.br\/?p=50130"},"modified":"2019-12-30T03:16:46","modified_gmt":"2019-12-30T06:16:46","slug":"vento-forte-atinge-telhado-da-fabrica-da-moda-em-caruaru","status":"publish","type":"post","link":"https:\/\/blogdoedvaldomagalhaes.com.br\/index.php\/2019\/12\/30\/vento-forte-atinge-telhado-da-fabrica-da-moda-em-caruaru\/","title":{"rendered":"Vento forte atinge telhado da F\u00e1brica da Moda em Caruaru"},"content":{"rendered":"<p style=\"text-align: justify;\">Um vento forte atingiu o telhado da F\u00e1brica da Moda, na avenida Lourival Jos\u00e9 da Silva, no centro de Caruaru, no in\u00edcio da tarde desse domingo (29). V\u00e1rias telhas se quebraram com a ventania, assustando vendedores e compradores do centro de compras, mas ningu\u00e9m se feriu.<\/p>\n<p style=\"text-align: justify;\">A administra\u00e7\u00e3o do centro de compras informou que o reparo est\u00e1 sendo executado e, para seguran\u00e7a de todos, o Corpo de Bombeiros foi acionado. Ap\u00f3s o laudo, ser\u00e1 anunciado o retorno das atividades.<\/p>\n<p>Foto: Reprodu\u00e7\u00e3o\/Whatsapp.<\/p>\n","protected":false},"excerpt":{"rendered":"<p>Um vento forte atingiu o telhado da F\u00e1brica da Moda, na avenida Lourival Jos\u00e9 da Silva, no centro de Caruaru,&hellip;<\/p>\n","protected":false},"author":1,"featured_media":50131,"comment_status":"open","ping_status":"open","sticky":false,"template":"","format":"standard","meta":{"footnotes":""},"categories":[14120],"tags":[2,16881,16963],"class_list":["post-50130","post","type-post","status-publish","format-standard","has-post-thumbnail","hentry","category-noticias","tag-blog-do-edvaldo-magalhaes","tag-caruaru-e-regiao","tag-vento-forte-atinge-telhado-da-fabrica-da-moda-em-caruaru"],"_links":{"self":[{"href":"https:\/\/blogdoedvaldomagalhaes.com.br\/index.php\/wp-json\/wp\/v2\/posts\/50130","targetHints":{"allow":["GET"]}}],"collection":[{"href":"https:\/\/blogdoedvaldomagalhaes.com.br\/index.php\/wp-json\/wp\/v2\/posts"}],"about":[{"href":"https:\/\/blogdoedvaldomagalhaes.com.br\/index.php\/wp-json\/wp\/v2\/types\/post"}],"author":[{"embeddable":true,"href":"https:\/\/blogdoedvaldomagalhaes.com.br\/index.php\/wp-json\/wp\/v2\/users\/1"}],"replies":[{"embeddable":true,"href":"https:\/\/blogdoedvaldomagalhaes.com.br\/index.php\/wp-json\/wp\/v2\/comments?post=50130"}],"version-history":[{"count":2,"href":"https:\/\/blogdoedvaldomagalhaes.com.br\/index.php\/wp-json\/wp\/v2\/posts\/50130\/revisions"}],"predecessor-version":[{"id":50134,"href":"https:\/\/blogdoedvaldomagalhaes.com.br\/index.php\/wp-json\/wp\/v2\/posts\/50130\/revisions\/50134"}],"wp:featuredmedia":[{"embeddable":true,"href":"https:\/\/blogdoedvaldomagalhaes.com.br\/index.php\/wp-json\/wp\/v2\/media\/50131"}],"wp:attachment":[{"href":"https:\/\/blogdoedvaldomagalhaes.com.br\/index.php\/wp-json\/wp\/v2\/media?parent=50130"}],"wp:term":[{"taxonomy":"category","embeddable":true,"href":"https:\/\/blogdoedvaldomagalhaes.com.br\/index.php\/wp-json\/wp\/v2\/categories?post=50130"},{"taxonomy":"post_tag","embeddable":true,"href":"https:\/\/blogdoedvaldomagalhaes.com.br\/index.php\/wp-json\/wp\/v2\/tags?post=50130"}],"curies":[{"name":"wp","href":"https:\/\/api.w.org\/{rel}","templated":true}]}}