{"id":50124,"date":"2019-12-29T10:23:05","date_gmt":"2019-12-29T13:23:05","guid":{"rendered":"http:\/\/blogdoedvaldomagalhaes.com.br\/?p=50124"},"modified":"2019-12-29T10:42:00","modified_gmt":"2019-12-29T13:42:00","slug":"sabado-com-registro-de-7-homicidios-em-pernambuco-dois-no-agreste","status":"publish","type":"post","link":"https:\/\/blogdoedvaldomagalhaes.com.br\/index.php\/2019\/12\/29\/sabado-com-registro-de-7-homicidios-em-pernambuco-dois-no-agreste\/","title":{"rendered":"S\u00e1bado com registro de 7 homic\u00eddios em Pernambuco, dois no Agreste"},"content":{"rendered":"<hr \/>\n<p style=\"text-align: justify;\">Registrados neste s\u00e1bado (28), em Pernambuco,\u00a0<strong>7<\/strong>\u00a0homic\u00eddios. No Agreste foram dois assassinatos. Em dezembro s\u00e3o\u00a0<strong>212<\/strong>\u00a0homic\u00eddios e no ano\u00a0<strong>3.390<\/strong>\u00a0crimes.<\/p>\n<p style=\"text-align: justify;\">Em Bezerros, no Agreste, foi assassinado a tiros Eduardo Diego da Silva, 25 anos. O homic\u00eddio aconteceu no bairro Alto Retiro. Dois desconhecidos em uma motocicleta praticaram o crime.<\/p>\n<p style=\"text-align: justify;\">Em Gravat\u00e1, tamb\u00e9m no Agreste, foi morto a tiros Jos\u00e9 Jac\u00f3 Vieira, conhecido por \u201cJac\u00f3 Taxista\u201d, 36 anos. O crime aconteceu pr\u00f3ximo a supermercado no centro da cidade. De acordo com informa\u00e7\u00f5es de populares, ele teria reagido a um assalto. A Pol\u00edcia Civil vai investigar o poss\u00edvel latroc\u00ednio.<\/p>\n<p style=\"text-align: justify;\">Em Lagoa do Carro, na Zona da Mata, um jovem foi morto a tiros. Edvaldo Santiago de Souza tinha 20 anos. O crime aconteceu no S\u00edtio S\u00e3o Francisco. O corpo foi encontrado com les\u00f5es na cabe\u00e7a.<\/p>\n<p style=\"text-align: justify;\">Em S\u00e3o Louren\u00e7o da Mata, na Regi\u00e3o Metropolitana do Recife, foi encontrado o corpo de R\u00f4mulo Victor Moreira do Nascimento, 23 anos, motorista que fazia transporte de passageiros por aplicativos. A Pol\u00edcia Civil investiga o caso de latroc\u00ednio, roubo seguido de morte.<\/p>\n<p style=\"text-align: justify;\">Tamb\u00e9m aconteceram homic\u00eddios nos munic\u00edpios de Jaboat\u00e3o dos Guararapes, Cabo de Santo Agostinho e Amaraji. Todos os crimes est\u00e3o sendo investigados pela Pol\u00edcia Civil.<\/p>\n<p style=\"text-align: justify;\"><strong>Informa\u00e7\u00f5es da Reda\u00e7\u00e3o da R\u00e1dio Liberdade<\/strong><\/p>\n","protected":false},"excerpt":{"rendered":"<p>Registrados neste s\u00e1bado (28), em Pernambuco,\u00a07\u00a0homic\u00eddios. No Agreste foram dois assassinatos. Em dezembro s\u00e3o\u00a0212\u00a0homic\u00eddios e no ano\u00a03.390\u00a0crimes. Em Bezerros, no&hellip;<\/p>\n","protected":false},"author":1,"featured_media":50125,"comment_status":"open","ping_status":"open","sticky":false,"template":"","format":"standard","meta":{"footnotes":""},"categories":[14121],"tags":[2,16881,16962,16961],"class_list":["post-50124","post","type-post","status-publish","format-standard","has-post-thumbnail","hentry","category-policial","tag-blog-do-edvaldo-magalhaes","tag-caruaru-e-regiao","tag-dois-no-agreste","tag-sabado-com-registro-de-7-homicidios-em-pernambuco"],"_links":{"self":[{"href":"https:\/\/blogdoedvaldomagalhaes.com.br\/index.php\/wp-json\/wp\/v2\/posts\/50124","targetHints":{"allow":["GET"]}}],"collection":[{"href":"https:\/\/blogdoedvaldomagalhaes.com.br\/index.php\/wp-json\/wp\/v2\/posts"}],"about":[{"href":"https:\/\/blogdoedvaldomagalhaes.com.br\/index.php\/wp-json\/wp\/v2\/types\/post"}],"author":[{"embeddable":true,"href":"https:\/\/blogdoedvaldomagalhaes.com.br\/index.php\/wp-json\/wp\/v2\/users\/1"}],"replies":[{"embeddable":true,"href":"https:\/\/blogdoedvaldomagalhaes.com.br\/index.php\/wp-json\/wp\/v2\/comments?post=50124"}],"version-history":[{"count":3,"href":"https:\/\/blogdoedvaldomagalhaes.com.br\/index.php\/wp-json\/wp\/v2\/posts\/50124\/revisions"}],"predecessor-version":[{"id":50129,"href":"https:\/\/blogdoedvaldomagalhaes.com.br\/index.php\/wp-json\/wp\/v2\/posts\/50124\/revisions\/50129"}],"wp:featuredmedia":[{"embeddable":true,"href":"https:\/\/blogdoedvaldomagalhaes.com.br\/index.php\/wp-json\/wp\/v2\/media\/50125"}],"wp:attachment":[{"href":"https:\/\/blogdoedvaldomagalhaes.com.br\/index.php\/wp-json\/wp\/v2\/media?parent=50124"}],"wp:term":[{"taxonomy":"category","embeddable":true,"href":"https:\/\/blogdoedvaldomagalhaes.com.br\/index.php\/wp-json\/wp\/v2\/categories?post=50124"},{"taxonomy":"post_tag","embeddable":true,"href":"https:\/\/blogdoedvaldomagalhaes.com.br\/index.php\/wp-json\/wp\/v2\/tags?post=50124"}],"curies":[{"name":"wp","href":"https:\/\/api.w.org\/{rel}","templated":true}]}}