{"id":50120,"date":"2019-12-28T20:21:20","date_gmt":"2019-12-28T23:21:20","guid":{"rendered":"http:\/\/blogdoedvaldomagalhaes.com.br\/?p=50120"},"modified":"2019-12-28T20:22:48","modified_gmt":"2019-12-28T23:22:48","slug":"prefeitura-de-caruaru-inicia-processo-seletivo-com-quase-300-vagas","status":"publish","type":"post","link":"https:\/\/blogdoedvaldomagalhaes.com.br\/index.php\/2019\/12\/28\/prefeitura-de-caruaru-inicia-processo-seletivo-com-quase-300-vagas\/","title":{"rendered":"Prefeitura de Caruaru inicia processo seletivo com quase 300 vagas"},"content":{"rendered":"<p style=\"text-align: justify;\"><span style=\"font-size: inherit;\">A Prefeitura Municipal de Caruaru est\u00e1 com vagas abertas em mais uma sele\u00e7\u00e3o p\u00fablica simplificada. Dessa vez, as vagas est\u00e3o disponibilizadas para o Centro de Refer\u00eancia da Mulher, com seis vagas de n\u00edvel superior; 88 vagas para professores ETI nas escolas de tempo integral; seis vagas para coveiros, com n\u00edvel fundamental incompleto; e mais de 200 vagas para n\u00edvel fundamental na Secretaria de Desenvolvimento Social e Direitos Humanos.<\/span><\/p>\n<p style=\"text-align: justify;\">As inscri\u00e7\u00f5es v\u00e3o at\u00e9 o dia 06 de janeiro. Todas as informa\u00e7\u00f5es sobre o processo seletivo est\u00e3o dispon\u00edveis no edital, no site https:\/\/selecoes.caruaru.pe.gov.br.<\/p>\n","protected":false},"excerpt":{"rendered":"<p>A Prefeitura Municipal de Caruaru est\u00e1 com vagas abertas em mais uma sele\u00e7\u00e3o p\u00fablica simplificada. Dessa vez, as vagas est\u00e3o&hellip;<\/p>\n","protected":false},"author":1,"featured_media":50121,"comment_status":"open","ping_status":"open","sticky":false,"template":"","format":"standard","meta":{"footnotes":""},"categories":[14120],"tags":[2,16881,16960],"class_list":["post-50120","post","type-post","status-publish","format-standard","has-post-thumbnail","hentry","category-noticias","tag-blog-do-edvaldo-magalhaes","tag-caruaru-e-regiao","tag-prefeitura-de-caruaru-inicia-processo-seletivo-com-quase-300-vagas"],"_links":{"self":[{"href":"https:\/\/blogdoedvaldomagalhaes.com.br\/index.php\/wp-json\/wp\/v2\/posts\/50120","targetHints":{"allow":["GET"]}}],"collection":[{"href":"https:\/\/blogdoedvaldomagalhaes.com.br\/index.php\/wp-json\/wp\/v2\/posts"}],"about":[{"href":"https:\/\/blogdoedvaldomagalhaes.com.br\/index.php\/wp-json\/wp\/v2\/types\/post"}],"author":[{"embeddable":true,"href":"https:\/\/blogdoedvaldomagalhaes.com.br\/index.php\/wp-json\/wp\/v2\/users\/1"}],"replies":[{"embeddable":true,"href":"https:\/\/blogdoedvaldomagalhaes.com.br\/index.php\/wp-json\/wp\/v2\/comments?post=50120"}],"version-history":[{"count":1,"href":"https:\/\/blogdoedvaldomagalhaes.com.br\/index.php\/wp-json\/wp\/v2\/posts\/50120\/revisions"}],"predecessor-version":[{"id":50122,"href":"https:\/\/blogdoedvaldomagalhaes.com.br\/index.php\/wp-json\/wp\/v2\/posts\/50120\/revisions\/50122"}],"wp:featuredmedia":[{"embeddable":true,"href":"https:\/\/blogdoedvaldomagalhaes.com.br\/index.php\/wp-json\/wp\/v2\/media\/50121"}],"wp:attachment":[{"href":"https:\/\/blogdoedvaldomagalhaes.com.br\/index.php\/wp-json\/wp\/v2\/media?parent=50120"}],"wp:term":[{"taxonomy":"category","embeddable":true,"href":"https:\/\/blogdoedvaldomagalhaes.com.br\/index.php\/wp-json\/wp\/v2\/categories?post=50120"},{"taxonomy":"post_tag","embeddable":true,"href":"https:\/\/blogdoedvaldomagalhaes.com.br\/index.php\/wp-json\/wp\/v2\/tags?post=50120"}],"curies":[{"name":"wp","href":"https:\/\/api.w.org\/{rel}","templated":true}]}}