{"id":50112,"date":"2019-12-27T22:04:17","date_gmt":"2019-12-28T01:04:17","guid":{"rendered":"http:\/\/blogdoedvaldomagalhaes.com.br\/?p=50112"},"modified":"2019-12-27T22:04:18","modified_gmt":"2019-12-28T01:04:18","slug":"jovem-suspeita-de-matar-o-proprio-filho-recem-nascido-e-presa-em-flagrante","status":"publish","type":"post","link":"https:\/\/blogdoedvaldomagalhaes.com.br\/index.php\/2019\/12\/27\/jovem-suspeita-de-matar-o-proprio-filho-recem-nascido-e-presa-em-flagrante\/","title":{"rendered":"Jovem suspeita de matar o pr\u00f3prio filho rec\u00e9m nascido \u00e9 presa em flagrante"},"content":{"rendered":"<p style=\"text-align: justify;\">Nota \u00e0 imprensa<\/p>\n<p style=\"text-align: justify;\">Policiais civis da 16\u00b0 DESEC &#8211; Limoeiro, sob a coordena\u00e7\u00e3o do Delegado Secccional Thiago Uchoa, juntamente com a equipe de plant\u00e3o efetuaram, na manh\u00e3 desta sexta-feira (27), a pris\u00e3o em flagrante de VIT\u00d3RIA MARIA DOS SANTOS SILVA, 19 anos, ap\u00f3s as investiga\u00e7\u00f5es conclu\u00edrem que a autuada teria ocultado cad\u00e1ver de rec\u00e9m nascido, o qual ela havia tirado a vida no \u00faltimo dia 24\/12, na cidade de Machados. Vit\u00f3ria teria dito a familiares que estava gr\u00e1vida de 4 meses e que teria tido um aborto espont\u00e2neo, sendo levada ao hospital de Machados e, depois, para Limoeiro, onde foi detida pelos policiais na manh\u00e3 de hoje. Inicialmente ela negou o crime, mas terminou confessando ter esganado a crian\u00e7a que havia nascido com vida. A jovem estava com quase nove meses de gesta\u00e7\u00e3o. Ela informou que estava mentindo para o companheiro j\u00e1 que o pai da crian\u00e7a era um outro homem com quem manteve relacionamento. Vit\u00f3ria foi autuada e apresentada na tarde de hoje em audi\u00eancia de cust\u00f3dia. O caso segue em investiga\u00e7\u00e3o pela Delegacia de Machados sob a responsabilidade do Delegado Von Romel.<\/p>\n","protected":false},"excerpt":{"rendered":"<p>Nota \u00e0 imprensa Policiais civis da 16\u00b0 DESEC &#8211; Limoeiro, sob a coordena\u00e7\u00e3o do Delegado Secccional Thiago Uchoa, juntamente com&hellip;<\/p>\n","protected":false},"author":1,"featured_media":50113,"comment_status":"open","ping_status":"open","sticky":false,"template":"","format":"standard","meta":{"footnotes":""},"categories":[14121],"tags":[2,16881,16958],"class_list":["post-50112","post","type-post","status-publish","format-standard","has-post-thumbnail","hentry","category-policial","tag-blog-do-edvaldo-magalhaes","tag-caruaru-e-regiao","tag-jovem-suspeita-de-matar-o-proprio-filho-recem-nascido-e-presa-em-flagrante"],"_links":{"self":[{"href":"https:\/\/blogdoedvaldomagalhaes.com.br\/index.php\/wp-json\/wp\/v2\/posts\/50112","targetHints":{"allow":["GET"]}}],"collection":[{"href":"https:\/\/blogdoedvaldomagalhaes.com.br\/index.php\/wp-json\/wp\/v2\/posts"}],"about":[{"href":"https:\/\/blogdoedvaldomagalhaes.com.br\/index.php\/wp-json\/wp\/v2\/types\/post"}],"author":[{"embeddable":true,"href":"https:\/\/blogdoedvaldomagalhaes.com.br\/index.php\/wp-json\/wp\/v2\/users\/1"}],"replies":[{"embeddable":true,"href":"https:\/\/blogdoedvaldomagalhaes.com.br\/index.php\/wp-json\/wp\/v2\/comments?post=50112"}],"version-history":[{"count":1,"href":"https:\/\/blogdoedvaldomagalhaes.com.br\/index.php\/wp-json\/wp\/v2\/posts\/50112\/revisions"}],"predecessor-version":[{"id":50114,"href":"https:\/\/blogdoedvaldomagalhaes.com.br\/index.php\/wp-json\/wp\/v2\/posts\/50112\/revisions\/50114"}],"wp:featuredmedia":[{"embeddable":true,"href":"https:\/\/blogdoedvaldomagalhaes.com.br\/index.php\/wp-json\/wp\/v2\/media\/50113"}],"wp:attachment":[{"href":"https:\/\/blogdoedvaldomagalhaes.com.br\/index.php\/wp-json\/wp\/v2\/media?parent=50112"}],"wp:term":[{"taxonomy":"category","embeddable":true,"href":"https:\/\/blogdoedvaldomagalhaes.com.br\/index.php\/wp-json\/wp\/v2\/categories?post=50112"},{"taxonomy":"post_tag","embeddable":true,"href":"https:\/\/blogdoedvaldomagalhaes.com.br\/index.php\/wp-json\/wp\/v2\/tags?post=50112"}],"curies":[{"name":"wp","href":"https:\/\/api.w.org\/{rel}","templated":true}]}}