{"id":50107,"date":"2019-12-27T20:51:30","date_gmt":"2019-12-27T23:51:30","guid":{"rendered":"http:\/\/blogdoedvaldomagalhaes.com.br\/?p=50107"},"modified":"2019-12-27T20:51:32","modified_gmt":"2019-12-27T23:51:32","slug":"pt-reune-executiva-municipal-e-inicia-debate-sobre-estrategia-eleitoral","status":"publish","type":"post","link":"https:\/\/blogdoedvaldomagalhaes.com.br\/index.php\/2019\/12\/27\/pt-reune-executiva-municipal-e-inicia-debate-sobre-estrategia-eleitoral\/","title":{"rendered":"PT re\u00fane Executiva Municipal e inicia debate sobre estrat\u00e9gia eleitoral"},"content":{"rendered":"<p style=\"text-align: justify;\">O PT de Caruaru realizou, na tarde desta sexta (27), a \u00faltima reuni\u00e3o do ano da Executiva Municipal, que iniciou os debates para as estrat\u00e9gias eleitorais das elei\u00e7\u00f5es em 2020.<\/p>\n<p style=\"text-align: justify;\">Na ocasi\u00e3o, foi formada uma coordena\u00e7\u00e3o para a constru\u00e7\u00e3o de um Plano de Governo, al\u00e9m de uma comiss\u00e3o pol\u00edtica que ser\u00e1 respons\u00e1vel por realizar conversas com os demais partidos e agentes pol\u00edticos do munic\u00edpio. A sigla trabalha com a possibilidade de uma candidatura pr\u00f3pria e os nomes que se colocarem \u00e0 disposi\u00e7\u00e3o para essa disputa s\u00f3 ser\u00e3o validados ap\u00f3s serem apresentados na Executiva.<\/p>\n<p style=\"text-align: justify;\">No in\u00edcio do ano, o partido vai inaugurar a sede do Diret\u00f3rio Municipal, que vai contar com espa\u00e7os para atividades culturais, reuni\u00f5es, al\u00e9m de lojinha para venda de artigos do PT.<\/p>\n<p style=\"text-align: justify;\">Informa\u00e7\u00f5es: Am\u00e9rico Rodrigo\/Assessor de Imprensa.<\/p>\n","protected":false},"excerpt":{"rendered":"<p>O PT de Caruaru realizou, na tarde desta sexta (27), a \u00faltima reuni\u00e3o do ano da Executiva Municipal, que iniciou&hellip;<\/p>\n","protected":false},"author":1,"featured_media":50109,"comment_status":"open","ping_status":"open","sticky":false,"template":"","format":"standard","meta":{"footnotes":""},"categories":[14122],"tags":[2,16881,16957],"class_list":["post-50107","post","type-post","status-publish","format-standard","has-post-thumbnail","hentry","category-politica","tag-blog-do-edvaldo-magalhaes","tag-caruaru-e-regiao","tag-pt-reune-executiva-municipal-e-inicia-debate-sobre-estrategia-eleitoral"],"_links":{"self":[{"href":"https:\/\/blogdoedvaldomagalhaes.com.br\/index.php\/wp-json\/wp\/v2\/posts\/50107","targetHints":{"allow":["GET"]}}],"collection":[{"href":"https:\/\/blogdoedvaldomagalhaes.com.br\/index.php\/wp-json\/wp\/v2\/posts"}],"about":[{"href":"https:\/\/blogdoedvaldomagalhaes.com.br\/index.php\/wp-json\/wp\/v2\/types\/post"}],"author":[{"embeddable":true,"href":"https:\/\/blogdoedvaldomagalhaes.com.br\/index.php\/wp-json\/wp\/v2\/users\/1"}],"replies":[{"embeddable":true,"href":"https:\/\/blogdoedvaldomagalhaes.com.br\/index.php\/wp-json\/wp\/v2\/comments?post=50107"}],"version-history":[{"count":1,"href":"https:\/\/blogdoedvaldomagalhaes.com.br\/index.php\/wp-json\/wp\/v2\/posts\/50107\/revisions"}],"predecessor-version":[{"id":50110,"href":"https:\/\/blogdoedvaldomagalhaes.com.br\/index.php\/wp-json\/wp\/v2\/posts\/50107\/revisions\/50110"}],"wp:featuredmedia":[{"embeddable":true,"href":"https:\/\/blogdoedvaldomagalhaes.com.br\/index.php\/wp-json\/wp\/v2\/media\/50109"}],"wp:attachment":[{"href":"https:\/\/blogdoedvaldomagalhaes.com.br\/index.php\/wp-json\/wp\/v2\/media?parent=50107"}],"wp:term":[{"taxonomy":"category","embeddable":true,"href":"https:\/\/blogdoedvaldomagalhaes.com.br\/index.php\/wp-json\/wp\/v2\/categories?post=50107"},{"taxonomy":"post_tag","embeddable":true,"href":"https:\/\/blogdoedvaldomagalhaes.com.br\/index.php\/wp-json\/wp\/v2\/tags?post=50107"}],"curies":[{"name":"wp","href":"https:\/\/api.w.org\/{rel}","templated":true}]}}