{"id":50104,"date":"2019-12-27T18:08:43","date_gmt":"2019-12-27T21:08:43","guid":{"rendered":"http:\/\/blogdoedvaldomagalhaes.com.br\/?p=50104"},"modified":"2019-12-27T20:59:39","modified_gmt":"2019-12-27T23:59:39","slug":"ultimo-caruaru-em-movimento-do-ano-acontece-na-estacao-ferroviaria-neste-domingo-29","status":"publish","type":"post","link":"https:\/\/blogdoedvaldomagalhaes.com.br\/index.php\/2019\/12\/27\/ultimo-caruaru-em-movimento-do-ano-acontece-na-estacao-ferroviaria-neste-domingo-29\/","title":{"rendered":"\u00daltimo \u201cCaruaru em Movimento\u201d do ano acontece na Esta\u00e7\u00e3o Ferrovi\u00e1ria neste domingo (29)"},"content":{"rendered":"<p style=\"text-align: justify;\">Iniciativo da prefeitura promove atividades esportivas gratuitas para a popula\u00e7\u00e3o.<\/p>\n<p>Neste domingo (29), a Prefeitura de Caruaru realiza o \u201cCaruaru em Movimento\u201d, projeto da Secretaria de Desenvolvimento Social e Direitos Humanos (SDSDH), desenvolvido por meio da Ger\u00eancia de Esporte e Lazer. Nesta edi\u00e7\u00e3o, o \u201cAul\u00e3o da Virada\u201d, ser\u00e1 a \u00faltima aula em 2019 e acontecer\u00e1 na Esta\u00e7\u00e3o Ferrovi\u00e1ria. Ser\u00e3o oferecidos, das 16h \u00e0s 19h, diversas atividades f\u00edsicas, com a supervis\u00e3o de professores.<\/p>\n<p style=\"text-align: justify;\">O \u201cCaruaru em Movimento\u201d aconteceu em diversos bairros e locais na cidade e na zona rural, e levou \u00e0 popula\u00e7\u00e3o muita dan\u00e7a, jogos e brincadeiras, contribuindo para uma melhor qualidade de vida. Em 2019, o projeto realizou 27 apresenta\u00e7\u00f5es e atendeu mais de 2.750 pessoas ao longo do ano.<\/p>\n<p style=\"text-align: justify;\">O Aul\u00e3o ter\u00e1 os professores Nido, Belarmino J\u00fanior, D\u00e9borah, Alex, Ivete, Le\u00f4nia, Danilo, Lidiana e Indiamara, estes que ao longo do ano contribu\u00edram para execu\u00e7\u00e3o e sucesso do projeto.<\/p>\n<p style=\"text-align: justify;\">O evento \u00e9 aberto ao p\u00fablico e haver\u00e1 sorteio de brindes para aqueles que contribu\u00edrem com 1kg de alimento para campanha Natal sem Fome. O evento conta ainda com a parceria da Secretaria de Ordem P\u00fablica, Destra, Guarda Municipal, Funda\u00e7\u00e3o de Cultura e Turismo, Secretaria de Sa\u00fade e Servi\u00e7os P\u00fablicos.<\/p>\n","protected":false},"excerpt":{"rendered":"<p>Iniciativo da prefeitura promove atividades esportivas gratuitas para a popula\u00e7\u00e3o. Neste domingo (29), a Prefeitura de Caruaru realiza o \u201cCaruaru&hellip;<\/p>\n","protected":false},"author":1,"featured_media":50105,"comment_status":"open","ping_status":"open","sticky":false,"template":"","format":"standard","meta":{"footnotes":""},"categories":[14120],"tags":[2,16881,16956],"class_list":["post-50104","post","type-post","status-publish","format-standard","has-post-thumbnail","hentry","category-noticias","tag-blog-do-edvaldo-magalhaes","tag-caruaru-e-regiao","tag-ultimo-caruaru-em-movimento-do-ano-acontece-na-estacao-ferroviaria-neste-domingo-29"],"_links":{"self":[{"href":"https:\/\/blogdoedvaldomagalhaes.com.br\/index.php\/wp-json\/wp\/v2\/posts\/50104","targetHints":{"allow":["GET"]}}],"collection":[{"href":"https:\/\/blogdoedvaldomagalhaes.com.br\/index.php\/wp-json\/wp\/v2\/posts"}],"about":[{"href":"https:\/\/blogdoedvaldomagalhaes.com.br\/index.php\/wp-json\/wp\/v2\/types\/post"}],"author":[{"embeddable":true,"href":"https:\/\/blogdoedvaldomagalhaes.com.br\/index.php\/wp-json\/wp\/v2\/users\/1"}],"replies":[{"embeddable":true,"href":"https:\/\/blogdoedvaldomagalhaes.com.br\/index.php\/wp-json\/wp\/v2\/comments?post=50104"}],"version-history":[{"count":2,"href":"https:\/\/blogdoedvaldomagalhaes.com.br\/index.php\/wp-json\/wp\/v2\/posts\/50104\/revisions"}],"predecessor-version":[{"id":50111,"href":"https:\/\/blogdoedvaldomagalhaes.com.br\/index.php\/wp-json\/wp\/v2\/posts\/50104\/revisions\/50111"}],"wp:featuredmedia":[{"embeddable":true,"href":"https:\/\/blogdoedvaldomagalhaes.com.br\/index.php\/wp-json\/wp\/v2\/media\/50105"}],"wp:attachment":[{"href":"https:\/\/blogdoedvaldomagalhaes.com.br\/index.php\/wp-json\/wp\/v2\/media?parent=50104"}],"wp:term":[{"taxonomy":"category","embeddable":true,"href":"https:\/\/blogdoedvaldomagalhaes.com.br\/index.php\/wp-json\/wp\/v2\/categories?post=50104"},{"taxonomy":"post_tag","embeddable":true,"href":"https:\/\/blogdoedvaldomagalhaes.com.br\/index.php\/wp-json\/wp\/v2\/tags?post=50104"}],"curies":[{"name":"wp","href":"https:\/\/api.w.org\/{rel}","templated":true}]}}