{"id":50101,"date":"2019-12-27T13:44:02","date_gmt":"2019-12-27T16:44:02","guid":{"rendered":"http:\/\/blogdoedvaldomagalhaes.com.br\/?p=50101"},"modified":"2019-12-27T13:44:07","modified_gmt":"2019-12-27T16:44:07","slug":"novos-guardas-municipais-de-caruaru-serao-formados-nesta-segunda-30","status":"publish","type":"post","link":"https:\/\/blogdoedvaldomagalhaes.com.br\/index.php\/2019\/12\/27\/novos-guardas-municipais-de-caruaru-serao-formados-nesta-segunda-30\/","title":{"rendered":"Novos guardas municipais de Caruaru ser\u00e3o formados nesta segunda (30)"},"content":{"rendered":"<p style=\"text-align: justify;\">A Prefeitura de Caruaru, atrav\u00e9s da Autarquia Municipal de Tr\u00e2nsito e Transportes de Caruaru, Destra, convida a imprensa para a formatura dos 50 novos Guardas Municipais, nesta segunda-feira (30), \u00e0s 10h, no t\u00e9rreo da Prefeitura Municipal de Caruaru no bloco A.<\/p>\n<p style=\"text-align: justify;\">Em 17 de Dezembro de 2018 foi realizado o segundo concurso da Guarda Municipal. Os novos profissionais passaram pelo curso de forma\u00e7\u00e3o, com carga hor\u00e1ria de 520 horas\/aulas com a grade da Senasp (Secretaria Nacional de Seguran\u00e7a P\u00fablica), onde 100 candidatos participaram, desses, 50 candidatos assumiram o cargo efetivo de Guarda Municipal de Caruaru em agosto de 2019 e os outros 50 de formam nesta segunda-feira (30).<\/p>\n","protected":false},"excerpt":{"rendered":"<p>A Prefeitura de Caruaru, atrav\u00e9s da Autarquia Municipal de Tr\u00e2nsito e Transportes de Caruaru, Destra, convida a imprensa para a&hellip;<\/p>\n","protected":false},"author":1,"featured_media":50102,"comment_status":"open","ping_status":"open","sticky":false,"template":"","format":"standard","meta":{"footnotes":""},"categories":[14120],"tags":[2,16881,16955],"class_list":["post-50101","post","type-post","status-publish","format-standard","has-post-thumbnail","hentry","category-noticias","tag-blog-do-edvaldo-magalhaes","tag-caruaru-e-regiao","tag-novos-guardas-municipais-de-caruaru-serao-formados-nesta-segunda-30"],"_links":{"self":[{"href":"https:\/\/blogdoedvaldomagalhaes.com.br\/index.php\/wp-json\/wp\/v2\/posts\/50101","targetHints":{"allow":["GET"]}}],"collection":[{"href":"https:\/\/blogdoedvaldomagalhaes.com.br\/index.php\/wp-json\/wp\/v2\/posts"}],"about":[{"href":"https:\/\/blogdoedvaldomagalhaes.com.br\/index.php\/wp-json\/wp\/v2\/types\/post"}],"author":[{"embeddable":true,"href":"https:\/\/blogdoedvaldomagalhaes.com.br\/index.php\/wp-json\/wp\/v2\/users\/1"}],"replies":[{"embeddable":true,"href":"https:\/\/blogdoedvaldomagalhaes.com.br\/index.php\/wp-json\/wp\/v2\/comments?post=50101"}],"version-history":[{"count":1,"href":"https:\/\/blogdoedvaldomagalhaes.com.br\/index.php\/wp-json\/wp\/v2\/posts\/50101\/revisions"}],"predecessor-version":[{"id":50103,"href":"https:\/\/blogdoedvaldomagalhaes.com.br\/index.php\/wp-json\/wp\/v2\/posts\/50101\/revisions\/50103"}],"wp:featuredmedia":[{"embeddable":true,"href":"https:\/\/blogdoedvaldomagalhaes.com.br\/index.php\/wp-json\/wp\/v2\/media\/50102"}],"wp:attachment":[{"href":"https:\/\/blogdoedvaldomagalhaes.com.br\/index.php\/wp-json\/wp\/v2\/media?parent=50101"}],"wp:term":[{"taxonomy":"category","embeddable":true,"href":"https:\/\/blogdoedvaldomagalhaes.com.br\/index.php\/wp-json\/wp\/v2\/categories?post=50101"},{"taxonomy":"post_tag","embeddable":true,"href":"https:\/\/blogdoedvaldomagalhaes.com.br\/index.php\/wp-json\/wp\/v2\/tags?post=50101"}],"curies":[{"name":"wp","href":"https:\/\/api.w.org\/{rel}","templated":true}]}}