{"id":501,"date":"2018-12-06T15:10:00","date_gmt":"2018-12-06T17:10:00","guid":{"rendered":"http:\/\/blogdoedvaldomagalhaes.com.br\/index.php\/2018\/12\/06\/saiu-o-resultado-da-autopsia-no-corpo\/"},"modified":"2019-02-09T02:44:42","modified_gmt":"2019-02-09T04:44:42","slug":"saiu-o-resultado-da-autopsia-no-corpo","status":"publish","type":"post","link":"https:\/\/blogdoedvaldomagalhaes.com.br\/index.php\/2018\/12\/06\/saiu-o-resultado-da-autopsia-no-corpo\/","title":{"rendered":"Saiu o resultado da aut\u00f3psia no corpo do caruaruense que morreu no Paraguai"},"content":{"rendered":"<div class=\"separator\" style=\"clear: both; text-align: center;\">\n<a href=\"https:\/\/4.bp.blogspot.com\/-Id3P4ZC6dTU\/XAk5KMc84BI\/AAAAAAAA_KA\/ea_hR20940c5VtVKASSUS-AZ0qOMUPuWwCLcBGAs\/s1600\/face.jpg\" imageanchor=\"1\" style=\"margin-left: 1em; margin-right: 1em;\"><img loading=\"lazy\" decoding=\"async\" border=\"0\" data-original-height=\"365\" data-original-width=\"475\" height=\"490\" src=\"http:\/\/blogdoedvaldomagalhaes.com.br\/wp-content\/uploads\/2018\/12\/face.jpg\" width=\"640\" \/><\/a><\/div>\n<div class=\"separator\" style=\"clear: both; text-align: center;\">\nFoto: Reprodu\u00e7\u00e3o\/Facebook<\/div>\n<div class=\"separator\" style=\"clear: both; text-align: justify;\">\n<\/div>\n<div class=\"separator\" style=\"clear: both; text-align: justify;\">\nO Blog do Edvaldo Magalh\u00e3es obteve uma informa\u00e7\u00e3o com exclusividade, que saiu h\u00e1 pouco o resultado da aut\u00f3psia no corpo do estudante Anderson Ara\u00fajo, de 36 anos, que foi encontrado morto na \u00faltima ter\u00e7a-feira (04),&nbsp;no condom\u00ednio Towers Residencial, localizado em Salto del Guair\u00e1, no Paraguai. A fam\u00edlia foi comunicada que a causa morte foi ataque card\u00edaco. Nenhuma subst\u00e2ncia qu\u00edmica foi encontrada no corpo da v\u00edtima. Um tio de Anderson, est\u00e1 no Paraguai providenciando o traslado, o que deve acontecer nesta sexta-feira ou no mais tardar at\u00e9 o s\u00e1bado (08).<\/div>\n<div class=\"separator\" style=\"clear: both; text-align: justify;\">\n<\/div>\n<div style=\"text-align: justify;\">\n<div class=\"separator\" style=\"clear: both; text-align: center;\">\n<a href=\"https:\/\/1.bp.blogspot.com\/-RLM9yiOxMng\/XAlCIOxJKUI\/AAAAAAAA_KM\/HsETTXV8Mi0MYb9I07w2_ANlr70F_KBDQCLcBGAs\/s1600\/t%25C3%25A1.jpg\" imageanchor=\"1\" style=\"margin-left: 1em; margin-right: 1em;\"><img loading=\"lazy\" decoding=\"async\" border=\"0\" data-original-height=\"304\" data-original-width=\"537\" height=\"362\" src=\"http:\/\/blogdoedvaldomagalhaes.com.br\/wp-content\/uploads\/2018\/12\/tC3A1.jpg\" width=\"640\" \/><\/a><\/div>\n<div class=\"separator\" style=\"clear: both; text-align: center;\">\nCondom\u00ednio Towers Residencial. Foto: Taboada Not\u00edcias\/Reprodu\u00e7\u00e3o<\/div>\n<div style=\"text-align: center;\">\n<\/div>\n<\/div>\n<div style=\"text-align: justify;\">\n<b>Entenda<\/b><\/div>\n<div style=\"text-align: justify;\">\n<\/div>\n<div style=\"text-align: justify;\">\nO estudante de medicina pernambucano Anderson Ara\u00fajo, 36 anos, foi encontrado morto nesta ter\u00e7a-feira (4) no condom\u00ednio Towers Residencial, localizado em Salto del Guair\u00e1, no Paraguai.&nbsp;<\/div>\n<div style=\"text-align: justify;\">\n<\/div>\n<div style=\"text-align: justify;\">\nCursando o sexto per\u00edodo de medicina na Universidade Sudamericana, Anderson era do munic\u00edpio de Caruaru, Agreste do Estado, e estava no Paraguai para estudar.&nbsp;<\/div>\n<div style=\"text-align: justify;\">\n<\/div>\n<div style=\"text-align: justify;\">\nEle pretendia retornar ao pa\u00eds no dia 15 de dezembro para celebrar as festividades de fim de ano.<\/p>\n<p><\/p>\n<div class=\"separator\" style=\"clear: both; text-align: center;\">\n<a href=\"https:\/\/3.bp.blogspot.com\/-Ed9THPWuREc\/XAlCqeA50bI\/AAAAAAAA_KU\/sIp7t8FSWiww4VKdvJ1qiB8-JrEEaPFjQCLcBGAs\/s1600\/dele.jpg\" imageanchor=\"1\" style=\"margin-left: 1em; margin-right: 1em;\"><img loading=\"lazy\" decoding=\"async\" border=\"0\" data-original-height=\"673\" data-original-width=\"448\" height=\"640\" src=\"http:\/\/blogdoedvaldomagalhaes.com.br\/wp-content\/uploads\/2018\/12\/dele.jpg\" width=\"424\" \/><\/a><\/div>\n<h1 class=\"post-item__title\" data-title-length=\"51\" style=\"background-color: white; box-sizing: border-box; color: #3d3d3d; font-family: lato, -apple-system, BlinkMacSystemFont, &quot;segoe ui&quot;, Roboto, &quot;helvetica neue&quot;, Arial, sans-serif, &quot;apple color emoji&quot;, &quot;segoe ui emoji&quot;, &quot;segoe ui symbol&quot;; line-height: 1; margin: 0px; min-height: 0px; min-width: 0px; overflow-wrap: break-word; padding: 0px; text-align: left; text-shadow: none;\">\nFilha homenageia o pai (rede social)<\/h1>\n<div>\n<\/div>\n<p>A filha Marina Lacerda homenageou o pai, atrav\u00e9s do Instagram: \u201cPainho, esteja onde estiver, saiba que te amo muito! Obrigada por tud! Eu guardarei sempre na mem\u00f3ria os momentos bons, como os dessa foto&#8221;.&nbsp;<\/p>\n<p>&#8220;E a todos os que est\u00e3o vendo essa imagem, pe\u00e7o apena que orem por ele, para que ele seja reconfortado e acolhido. Orem por todos os que ainda est\u00e3o aqui, sentindo tanta essa perda&#8221;.<\/p>\n<p>Fonte: Blog do Edvaldo Magalh\u00e3es&nbsp;<\/p>\n<\/div>\n","protected":false},"excerpt":{"rendered":"<p>Foto: Reprodu\u00e7\u00e3o\/Facebook O Blog do Edvaldo Magalh\u00e3es obteve uma informa\u00e7\u00e3o com exclusividade, que saiu h\u00e1 pouco o resultado da aut\u00f3psia&hellip;<\/p>\n","protected":false},"author":1,"featured_media":0,"comment_status":"open","ping_status":"open","sticky":false,"template":"","format":"standard","meta":{"footnotes":""},"categories":[1],"tags":[2,6,411],"class_list":["post-501","post","type-post","status-publish","format-standard","hentry","category-sem-categoria","tag-blog-do-edvaldo-magalhaes","tag-noticias","tag-saiu-o-resultado-da-autopsia-no-corpo-do-caruaruense-que-morreu-no-paraguai"],"_links":{"self":[{"href":"https:\/\/blogdoedvaldomagalhaes.com.br\/index.php\/wp-json\/wp\/v2\/posts\/501","targetHints":{"allow":["GET"]}}],"collection":[{"href":"https:\/\/blogdoedvaldomagalhaes.com.br\/index.php\/wp-json\/wp\/v2\/posts"}],"about":[{"href":"https:\/\/blogdoedvaldomagalhaes.com.br\/index.php\/wp-json\/wp\/v2\/types\/post"}],"author":[{"embeddable":true,"href":"https:\/\/blogdoedvaldomagalhaes.com.br\/index.php\/wp-json\/wp\/v2\/users\/1"}],"replies":[{"embeddable":true,"href":"https:\/\/blogdoedvaldomagalhaes.com.br\/index.php\/wp-json\/wp\/v2\/comments?post=501"}],"version-history":[{"count":1,"href":"https:\/\/blogdoedvaldomagalhaes.com.br\/index.php\/wp-json\/wp\/v2\/posts\/501\/revisions"}],"predecessor-version":[{"id":36554,"href":"https:\/\/blogdoedvaldomagalhaes.com.br\/index.php\/wp-json\/wp\/v2\/posts\/501\/revisions\/36554"}],"wp:attachment":[{"href":"https:\/\/blogdoedvaldomagalhaes.com.br\/index.php\/wp-json\/wp\/v2\/media?parent=501"}],"wp:term":[{"taxonomy":"category","embeddable":true,"href":"https:\/\/blogdoedvaldomagalhaes.com.br\/index.php\/wp-json\/wp\/v2\/categories?post=501"},{"taxonomy":"post_tag","embeddable":true,"href":"https:\/\/blogdoedvaldomagalhaes.com.br\/index.php\/wp-json\/wp\/v2\/tags?post=501"}],"curies":[{"name":"wp","href":"https:\/\/api.w.org\/{rel}","templated":true}]}}