{"id":50091,"date":"2019-12-26T22:44:17","date_gmt":"2019-12-27T01:44:17","guid":{"rendered":"http:\/\/blogdoedvaldomagalhaes.com.br\/?p=50091"},"modified":"2019-12-26T22:44:18","modified_gmt":"2019-12-27T01:44:18","slug":"raquel-lyra-inaugura-ambulatorio-multiprofissional-especializado-para-criancas-e-adolescente","status":"publish","type":"post","link":"https:\/\/blogdoedvaldomagalhaes.com.br\/index.php\/2019\/12\/26\/raquel-lyra-inaugura-ambulatorio-multiprofissional-especializado-para-criancas-e-adolescente\/","title":{"rendered":"Raquel Lyra inaugura Ambulat\u00f3rio Multiprofissional Especializado para crian\u00e7as e adolescente"},"content":{"rendered":"<p style=\"text-align: justify;\">AME Infantojuvenil vai oferecer mais de 15 especialidades e realizar 1.500 atendimentos por m\u00eas.<\/p>\n<p style=\"text-align: justify;\">A prefeita de Caruaru, Raquel Lyra, encerrou nesta quinta-feira (26) a maratona de entregas da Sa\u00fade durante o ano de 2019. Depois de contemplar os caruaruenses com o AME do Idoso e o AME da Mulher, a gestora municipal inaugurou o Ambulat\u00f3rio Multiprofissional Especializado para crian\u00e7as e adolescentes, a AME Infantojuvenil, que j\u00e1 est\u00e1 funcionando na Rua General Dion\u00edsio Siqueira Porto, 709, no bairro Maur\u00edcio de Nassau.<\/p>\n<p style=\"text-align: justify;\">O Ambulat\u00f3rio oferecer\u00e1 mais de 15 especialidades e deve realizar 1.500 atendimentos por m\u00eas. \u201cEsse espa\u00e7o foi criado para concentrar no mesmo servi\u00e7o um olhar integral para crian\u00e7a, atendendo os usu\u00e1rios de maneira a n\u00e3o precisar encaminh\u00e1-los de um lugar para outro. Aqui nossas crian\u00e7as ter\u00e3o atendimentos que v\u00e3o desde cardiologia pedi\u00e1trica, dermatologia pedi\u00e1trica, ortopedia pedi\u00e1trica al\u00e9m de reabilita\u00e7\u00e3o pedi\u00e1trica, entre outros, tudo no mesmo lugar. Vamos cuidar dos pequenos de maneira integral, pois quando cuidamos das nossas crian\u00e7as estamos cuidando da fam\u00edlia como um todo\u201d, assegurou a prefeita.<\/p>\n<p style=\"text-align: justify;\">A dona de casa Maria Jos\u00e9 destacou a sensibilidade da prefeita Raquel Lyra, que n\u00e3o poupa esfor\u00e7os para cuidar dos caruaruenses. \u201cMeu filho tem um alto grau de hiperatividade e o munic\u00edpio oferece a ele atendimento psicol\u00f3gico e neurol\u00f3gico de alta qualidade. Inaugurar esse espa\u00e7o \u00e9 um ganho para a popula\u00e7\u00e3o e em especial para mim que estou desempregada e n\u00e3o tenho condi\u00e7\u00f5es de trat\u00e1-lo\u201d, comemorou.<\/p>\n<p style=\"text-align: justify;\">O filho de dona Maria Jos\u00e9, o pequeno Cau\u00e3 Micael, de apenas 7 anos, n\u00e3o escondeu a alegria em conhecer a AME Infantojuvenil. \u201cVai ser muito legal conversar com a tia psic\u00f3loga nesse lugar grande e bonito. Obrigado, Raquel Lyra por melhorar a nossa vida\u201d, agradeceu o menino<\/p>\n<p style=\"text-align: justify;\">Para o secret\u00e1rio de Sa\u00fade, Francisco Santos, o servi\u00e7o aproxima ainda mais a gest\u00e3o municipal \u00e0 popula\u00e7\u00e3o. \u201cAinda em 2017 foi aberta uma unidade de Sa\u00fade Mental Infantojuvenil, mas ficou pequeno para a necessidade de Caruaru. N\u00f3s conversamos com Raquel e ela, que cuida das crian\u00e7as desde a primeira inf\u00e2ncia, n\u00e3o poupou esfor\u00e7os. Hoje, a popula\u00e7\u00e3o recebe com satisfa\u00e7\u00e3o a AME Infantojuvenil que \u00e9 o primeiro servi\u00e7o exclusivo de Caruaru voltado de maneira integral para crian\u00e7a e para o adolescente\u201d, afirmou.<\/p>\n<p style=\"text-align: justify;\">O evento encerrou parte da Maratona da Sa\u00fade, que a Prefeitura de Caruaru, atrav\u00e9s da Secretaria Municipal, vem realizando desde o m\u00eas de maio.<\/p>\n<p style=\"text-align: justify;\">Por Janayna Cl\u00edmaco\/Assessora de imprensa.<\/p>\n\n\n<figure class=\"wp-block-image size-large\"><img loading=\"lazy\" decoding=\"async\" width=\"1024\" height=\"682\" src=\"http:\/\/blogdoedvaldomagalhaes.com.br\/wp-content\/uploads\/2019\/12\/IMG-20191226-WA0366-1024x682.jpg\" alt=\"\" class=\"wp-image-50093\" srcset=\"https:\/\/blogdoedvaldomagalhaes.com.br\/wp-content\/uploads\/2019\/12\/IMG-20191226-WA0366-1024x682.jpg 1024w, https:\/\/blogdoedvaldomagalhaes.com.br\/wp-content\/uploads\/2019\/12\/IMG-20191226-WA0366-300x200.jpg 300w, https:\/\/blogdoedvaldomagalhaes.com.br\/wp-content\/uploads\/2019\/12\/IMG-20191226-WA0366-768x512.jpg 768w, https:\/\/blogdoedvaldomagalhaes.com.br\/wp-content\/uploads\/2019\/12\/IMG-20191226-WA0366.jpg 1280w\" sizes=\"auto, (max-width: 1024px) 100vw, 1024px\" \/><\/figure>\n\n\n\n<figure class=\"wp-block-image size-large\"><img loading=\"lazy\" decoding=\"async\" width=\"1024\" height=\"682\" src=\"http:\/\/blogdoedvaldomagalhaes.com.br\/wp-content\/uploads\/2019\/12\/IMG-20191226-WA0368-1024x682.jpg\" alt=\"\" class=\"wp-image-50094\" srcset=\"https:\/\/blogdoedvaldomagalhaes.com.br\/wp-content\/uploads\/2019\/12\/IMG-20191226-WA0368-1024x682.jpg 1024w, https:\/\/blogdoedvaldomagalhaes.com.br\/wp-content\/uploads\/2019\/12\/IMG-20191226-WA0368-300x200.jpg 300w, https:\/\/blogdoedvaldomagalhaes.com.br\/wp-content\/uploads\/2019\/12\/IMG-20191226-WA0368-768x512.jpg 768w, https:\/\/blogdoedvaldomagalhaes.com.br\/wp-content\/uploads\/2019\/12\/IMG-20191226-WA0368.jpg 1280w\" sizes=\"auto, (max-width: 1024px) 100vw, 1024px\" \/><\/figure>\n\n\n\n<figure class=\"wp-block-image size-large\"><img loading=\"lazy\" decoding=\"async\" width=\"1024\" height=\"682\" src=\"http:\/\/blogdoedvaldomagalhaes.com.br\/wp-content\/uploads\/2019\/12\/IMG-20191226-WA0369-1024x682.jpg\" alt=\"\" class=\"wp-image-50095\" srcset=\"https:\/\/blogdoedvaldomagalhaes.com.br\/wp-content\/uploads\/2019\/12\/IMG-20191226-WA0369-1024x682.jpg 1024w, https:\/\/blogdoedvaldomagalhaes.com.br\/wp-content\/uploads\/2019\/12\/IMG-20191226-WA0369-300x200.jpg 300w, https:\/\/blogdoedvaldomagalhaes.com.br\/wp-content\/uploads\/2019\/12\/IMG-20191226-WA0369-768x512.jpg 768w, https:\/\/blogdoedvaldomagalhaes.com.br\/wp-content\/uploads\/2019\/12\/IMG-20191226-WA0369.jpg 1280w\" sizes=\"auto, (max-width: 1024px) 100vw, 1024px\" \/><\/figure>\n\n\n\n<figure class=\"wp-block-image size-large\"><img loading=\"lazy\" decoding=\"async\" width=\"1024\" height=\"682\" src=\"http:\/\/blogdoedvaldomagalhaes.com.br\/wp-content\/uploads\/2019\/12\/IMG-20191226-WA0364-1024x682.jpg\" alt=\"\" class=\"wp-image-50096\" srcset=\"https:\/\/blogdoedvaldomagalhaes.com.br\/wp-content\/uploads\/2019\/12\/IMG-20191226-WA0364-1024x682.jpg 1024w, https:\/\/blogdoedvaldomagalhaes.com.br\/wp-content\/uploads\/2019\/12\/IMG-20191226-WA0364-300x200.jpg 300w, https:\/\/blogdoedvaldomagalhaes.com.br\/wp-content\/uploads\/2019\/12\/IMG-20191226-WA0364-768x512.jpg 768w, https:\/\/blogdoedvaldomagalhaes.com.br\/wp-content\/uploads\/2019\/12\/IMG-20191226-WA0364.jpg 1280w\" sizes=\"auto, (max-width: 1024px) 100vw, 1024px\" \/><\/figure>\n\n\n\n<figure class=\"wp-block-image size-large\"><img loading=\"lazy\" decoding=\"async\" width=\"1024\" height=\"682\" src=\"http:\/\/blogdoedvaldomagalhaes.com.br\/wp-content\/uploads\/2019\/12\/IMG-20191226-WA0365-1024x682.jpg\" alt=\"\" class=\"wp-image-50097\" srcset=\"https:\/\/blogdoedvaldomagalhaes.com.br\/wp-content\/uploads\/2019\/12\/IMG-20191226-WA0365-1024x682.jpg 1024w, https:\/\/blogdoedvaldomagalhaes.com.br\/wp-content\/uploads\/2019\/12\/IMG-20191226-WA0365-300x200.jpg 300w, https:\/\/blogdoedvaldomagalhaes.com.br\/wp-content\/uploads\/2019\/12\/IMG-20191226-WA0365-768x512.jpg 768w, https:\/\/blogdoedvaldomagalhaes.com.br\/wp-content\/uploads\/2019\/12\/IMG-20191226-WA0365.jpg 1280w\" sizes=\"auto, (max-width: 1024px) 100vw, 1024px\" \/><\/figure>\n\n\n\n<figure class=\"wp-block-image size-large\"><img loading=\"lazy\" decoding=\"async\" width=\"1024\" height=\"682\" src=\"http:\/\/blogdoedvaldomagalhaes.com.br\/wp-content\/uploads\/2019\/12\/IMG-20191226-WA0363-1024x682.jpg\" alt=\"\" class=\"wp-image-50098\" srcset=\"https:\/\/blogdoedvaldomagalhaes.com.br\/wp-content\/uploads\/2019\/12\/IMG-20191226-WA0363-1024x682.jpg 1024w, https:\/\/blogdoedvaldomagalhaes.com.br\/wp-content\/uploads\/2019\/12\/IMG-20191226-WA0363-300x200.jpg 300w, https:\/\/blogdoedvaldomagalhaes.com.br\/wp-content\/uploads\/2019\/12\/IMG-20191226-WA0363-768x512.jpg 768w, https:\/\/blogdoedvaldomagalhaes.com.br\/wp-content\/uploads\/2019\/12\/IMG-20191226-WA0363.jpg 1280w\" sizes=\"auto, (max-width: 1024px) 100vw, 1024px\" \/><figcaption>Fotos: Jorge Farias<\/figcaption><\/figure>\n","protected":false},"excerpt":{"rendered":"<p>AME Infantojuvenil vai oferecer mais de 15 especialidades e realizar 1.500 atendimentos por m\u00eas. A prefeita de Caruaru, Raquel Lyra,&hellip;<\/p>\n","protected":false},"author":1,"featured_media":50092,"comment_status":"open","ping_status":"open","sticky":false,"template":"","format":"standard","meta":{"footnotes":""},"categories":[14122],"tags":[2,16881,16954],"class_list":["post-50091","post","type-post","status-publish","format-standard","has-post-thumbnail","hentry","category-politica","tag-blog-do-edvaldo-magalhaes","tag-caruaru-e-regiao","tag-raquel-lyra-inaugura-ambulatorio-multiprofissional-especializado-para-criancas-e-adolescente"],"_links":{"self":[{"href":"https:\/\/blogdoedvaldomagalhaes.com.br\/index.php\/wp-json\/wp\/v2\/posts\/50091","targetHints":{"allow":["GET"]}}],"collection":[{"href":"https:\/\/blogdoedvaldomagalhaes.com.br\/index.php\/wp-json\/wp\/v2\/posts"}],"about":[{"href":"https:\/\/blogdoedvaldomagalhaes.com.br\/index.php\/wp-json\/wp\/v2\/types\/post"}],"author":[{"embeddable":true,"href":"https:\/\/blogdoedvaldomagalhaes.com.br\/index.php\/wp-json\/wp\/v2\/users\/1"}],"replies":[{"embeddable":true,"href":"https:\/\/blogdoedvaldomagalhaes.com.br\/index.php\/wp-json\/wp\/v2\/comments?post=50091"}],"version-history":[{"count":1,"href":"https:\/\/blogdoedvaldomagalhaes.com.br\/index.php\/wp-json\/wp\/v2\/posts\/50091\/revisions"}],"predecessor-version":[{"id":50099,"href":"https:\/\/blogdoedvaldomagalhaes.com.br\/index.php\/wp-json\/wp\/v2\/posts\/50091\/revisions\/50099"}],"wp:featuredmedia":[{"embeddable":true,"href":"https:\/\/blogdoedvaldomagalhaes.com.br\/index.php\/wp-json\/wp\/v2\/media\/50092"}],"wp:attachment":[{"href":"https:\/\/blogdoedvaldomagalhaes.com.br\/index.php\/wp-json\/wp\/v2\/media?parent=50091"}],"wp:term":[{"taxonomy":"category","embeddable":true,"href":"https:\/\/blogdoedvaldomagalhaes.com.br\/index.php\/wp-json\/wp\/v2\/categories?post=50091"},{"taxonomy":"post_tag","embeddable":true,"href":"https:\/\/blogdoedvaldomagalhaes.com.br\/index.php\/wp-json\/wp\/v2\/tags?post=50091"}],"curies":[{"name":"wp","href":"https:\/\/api.w.org\/{rel}","templated":true}]}}