{"id":50088,"date":"2019-12-26T22:25:15","date_gmt":"2019-12-27T01:25:15","guid":{"rendered":"http:\/\/blogdoedvaldomagalhaes.com.br\/?p=50088"},"modified":"2019-12-26T22:25:18","modified_gmt":"2019-12-27T01:25:18","slug":"5a-edicao-do-festival-de-repentistas-marca-inicio-das-comemoracoes-pelo-aniversario-de-riacho-das-almas","status":"publish","type":"post","link":"https:\/\/blogdoedvaldomagalhaes.com.br\/index.php\/2019\/12\/26\/5a-edicao-do-festival-de-repentistas-marca-inicio-das-comemoracoes-pelo-aniversario-de-riacho-das-almas\/","title":{"rendered":"5\u00aa Edi\u00e7\u00e3o do Festival de repentistas marca in\u00edcio das comemora\u00e7\u00f5es pelo anivers\u00e1rio de Riacho das Almas"},"content":{"rendered":"<p style=\"text-align: justify;\">Evento ser\u00e1 realizado na noite desta sexta-feira (27); Munic\u00edpio completa 66 de anos no dia 29 de dezembro.<\/p>\n<p style=\"text-align: justify;\">A Prefeitura de Riacho das Almas realiza nesta sexta-feira (27) a partir das 20h, um grande Festival de repentistas. O evento \u00e9 o primeiro da programa\u00e7\u00e3o que vai marcar os 66 anos de emancipa\u00e7\u00e3o pol\u00edtica do munic\u00edpio.<\/p>\n<p style=\"text-align: justify;\">O Festival ser\u00e1 realizado no centro da cidade, e contar\u00e1 com a presen\u00e7a das duplas de repentistas Jo\u00e3o L\u00eddio e Luciano Leonel; Raimundo Caetano e Raulino Silva; Daniel Ol\u00edmpio e Severino Feitosa; Erasmo Ferreira e Miro Pereira; Hip\u00f3lito Moura e Jo\u00e3o Louren\u00e7o. Far\u00e3o parte do Festival ainda os declamadores Espingarda do Cordel e Iponax Vila Nova.<\/p>\n<p style=\"text-align: justify;\">O evento \u00e9 gratuito e aberto ao p\u00fablico. O munic\u00edpio de Riacho das Almas completa 66 anos de emancipa\u00e7\u00e3o pol\u00edtica no dia 29 de dezembro.<\/p>\n<p style=\"text-align: justify;\">Informa\u00e7\u00f5es: Prefeitura de Riacho das Almas\/Assessoria de Imprensa.<\/p>\n","protected":false},"excerpt":{"rendered":"<p>Evento ser\u00e1 realizado na noite desta sexta-feira (27); Munic\u00edpio completa 66 de anos no dia 29 de dezembro. A Prefeitura&hellip;<\/p>\n","protected":false},"author":1,"featured_media":50089,"comment_status":"open","ping_status":"open","sticky":false,"template":"","format":"standard","meta":{"footnotes":""},"categories":[14120],"tags":[16953,2,16881],"class_list":["post-50088","post","type-post","status-publish","format-standard","has-post-thumbnail","hentry","category-noticias","tag-5a-edicao-do-festival-de-repentistas-marca-inicio-das-comemoracoes-pelo-aniversario-de-riacho-das-almas","tag-blog-do-edvaldo-magalhaes","tag-caruaru-e-regiao"],"_links":{"self":[{"href":"https:\/\/blogdoedvaldomagalhaes.com.br\/index.php\/wp-json\/wp\/v2\/posts\/50088","targetHints":{"allow":["GET"]}}],"collection":[{"href":"https:\/\/blogdoedvaldomagalhaes.com.br\/index.php\/wp-json\/wp\/v2\/posts"}],"about":[{"href":"https:\/\/blogdoedvaldomagalhaes.com.br\/index.php\/wp-json\/wp\/v2\/types\/post"}],"author":[{"embeddable":true,"href":"https:\/\/blogdoedvaldomagalhaes.com.br\/index.php\/wp-json\/wp\/v2\/users\/1"}],"replies":[{"embeddable":true,"href":"https:\/\/blogdoedvaldomagalhaes.com.br\/index.php\/wp-json\/wp\/v2\/comments?post=50088"}],"version-history":[{"count":1,"href":"https:\/\/blogdoedvaldomagalhaes.com.br\/index.php\/wp-json\/wp\/v2\/posts\/50088\/revisions"}],"predecessor-version":[{"id":50090,"href":"https:\/\/blogdoedvaldomagalhaes.com.br\/index.php\/wp-json\/wp\/v2\/posts\/50088\/revisions\/50090"}],"wp:featuredmedia":[{"embeddable":true,"href":"https:\/\/blogdoedvaldomagalhaes.com.br\/index.php\/wp-json\/wp\/v2\/media\/50089"}],"wp:attachment":[{"href":"https:\/\/blogdoedvaldomagalhaes.com.br\/index.php\/wp-json\/wp\/v2\/media?parent=50088"}],"wp:term":[{"taxonomy":"category","embeddable":true,"href":"https:\/\/blogdoedvaldomagalhaes.com.br\/index.php\/wp-json\/wp\/v2\/categories?post=50088"},{"taxonomy":"post_tag","embeddable":true,"href":"https:\/\/blogdoedvaldomagalhaes.com.br\/index.php\/wp-json\/wp\/v2\/tags?post=50088"}],"curies":[{"name":"wp","href":"https:\/\/api.w.org\/{rel}","templated":true}]}}