{"id":50083,"date":"2019-12-26T20:49:46","date_gmt":"2019-12-26T23:49:46","guid":{"rendered":"http:\/\/blogdoedvaldomagalhaes.com.br\/?p=50083"},"modified":"2019-12-26T20:49:49","modified_gmt":"2019-12-26T23:49:49","slug":"tres-homens-sao-detidos-durante-fiscalizacoes-de-final-de-ano-no-interior-do-estado","status":"publish","type":"post","link":"https:\/\/blogdoedvaldomagalhaes.com.br\/index.php\/2019\/12\/26\/tres-homens-sao-detidos-durante-fiscalizacoes-de-final-de-ano-no-interior-do-estado\/","title":{"rendered":"Tr\u00eas homens s\u00e3o detidos durante fiscaliza\u00e7\u00f5es de final de ano no interior do Estado"},"content":{"rendered":"<p style=\"text-align: justify;\">Um dos ve\u00edculos havia sido roubado na v\u00e9spera de natal; fiscaliza\u00e7\u00f5es fazem parte da Opera\u00e7\u00e3o Rodovida.<\/p>\n<p style=\"text-align: justify;\">Tr\u00eas homens foram detidos, nesta quinta-feira (26), durante fiscaliza\u00e7\u00f5es da Opera\u00e7\u00e3o de Final de Ano Rodovia, pela Pol\u00edcia Rodovi\u00e1ria Federal (PRF), nas BRs 232 e 104, cidades de Pombos, Agrestina e S\u00e3o Caetano, no interior do Estado de Pernambuco.<\/p>\n<p style=\"text-align: justify;\">O primeiro flagrante se deu no quil\u00f4metro 62, da BR 232, quado durante a abordagem foi localizada arma de fogo, com 14 muni\u00e7\u00f5es intactas, escondida embaixo no tapete do carro. O motorista alegou ser atirador esportivo, mas n\u00e3o apresentou autoriza\u00e7\u00e3o para posse da arma. Ele foi conduzido para a Pol\u00edcia Civil da regi\u00e3o, para provid\u00eancias legais cab\u00edveis.<\/p>\n<p style=\"text-align: justify;\">A segunda ocorr\u00eancia foi no quil\u00f4metro 145, tamb\u00e9m da BR 232, quando um condutor inabilitado, desobedeceu a ordem de parada dos policias e empreendeu fuga. A equipe da PRF conseguiu abord\u00e1-lo e ap\u00f3s consulta aos sistemas, constatou-se que se tratava de carro roubado, no dia 24 de dezembro, v\u00e9spera de Natal, na cidade de Santa Cruz do Capibaribe, no Agreste. Ele foi encaminhado para a Pol\u00edcia Civil de Caruaru, que investigar\u00e1 o caso.<\/p>\n<p style=\"text-align: justify;\">A \u00faltima pris\u00e3o ocorreu no quil\u00f4metro km 79, da Br 104, quando aos policias observaram uma motocicleta sendo conduzida por um motorista sem capacete, o passageiro tamb\u00e9m n\u00e3o usava o equipamento obrigat\u00f3rio. Foi dada ordem de parada, por\u00e9m o condutor empreendeu fuga, entrou em uma vicinal sem asfalto e acabou escorregou na areia. Nesta ocasi\u00e3o, os policias rodovi\u00e1rios federais conseguiram abordar o ve\u00edculo. O sistema acusou que a moto possu\u00eda registro de Roubo\/Furto. Foi dada voz de pris\u00e3o e eles foram encaminhados para a Delegacia de Pol\u00edcia Civil de Agrestina.<\/p>\n\n\n<figure class=\"wp-block-image size-large\"><img loading=\"lazy\" decoding=\"async\" width=\"956\" height=\"682\" src=\"http:\/\/blogdoedvaldomagalhaes.com.br\/wp-content\/uploads\/2019\/12\/IMG-20191226-WA0254.jpg\" alt=\"\" class=\"wp-image-50085\" srcset=\"https:\/\/blogdoedvaldomagalhaes.com.br\/wp-content\/uploads\/2019\/12\/IMG-20191226-WA0254.jpg 956w, https:\/\/blogdoedvaldomagalhaes.com.br\/wp-content\/uploads\/2019\/12\/IMG-20191226-WA0254-300x214.jpg 300w, https:\/\/blogdoedvaldomagalhaes.com.br\/wp-content\/uploads\/2019\/12\/IMG-20191226-WA0254-768x548.jpg 768w\" sizes=\"auto, (max-width: 956px) 100vw, 956px\" \/><\/figure>\n\n\n\n<figure class=\"wp-block-image size-large\"><img loading=\"lazy\" decoding=\"async\" width=\"648\" height=\"864\" src=\"http:\/\/blogdoedvaldomagalhaes.com.br\/wp-content\/uploads\/2019\/12\/IMG-20191226-WA0255.jpg\" alt=\"\" class=\"wp-image-50086\" srcset=\"https:\/\/blogdoedvaldomagalhaes.com.br\/wp-content\/uploads\/2019\/12\/IMG-20191226-WA0255.jpg 648w, https:\/\/blogdoedvaldomagalhaes.com.br\/wp-content\/uploads\/2019\/12\/IMG-20191226-WA0255-225x300.jpg 225w\" sizes=\"auto, (max-width: 648px) 100vw, 648px\" \/><figcaption>Informa\u00e7\u00f5es e fotos: PRF<\/figcaption><\/figure>\n","protected":false},"excerpt":{"rendered":"<p>Um dos ve\u00edculos havia sido roubado na v\u00e9spera de natal; fiscaliza\u00e7\u00f5es fazem parte da Opera\u00e7\u00e3o Rodovida. Tr\u00eas homens foram detidos,&hellip;<\/p>\n","protected":false},"author":1,"featured_media":50084,"comment_status":"open","ping_status":"open","sticky":false,"template":"","format":"standard","meta":{"footnotes":""},"categories":[14121],"tags":[2,16881,2278,16952],"class_list":["post-50083","post","type-post","status-publish","format-standard","has-post-thumbnail","hentry","category-policial","tag-blog-do-edvaldo-magalhaes","tag-caruaru-e-regiao","tag-policia-rodoviaria-federal","tag-tres-homens-sao-detidos-durante-fiscalizacoes-de-final-de-ano-no-interior-do-estado"],"_links":{"self":[{"href":"https:\/\/blogdoedvaldomagalhaes.com.br\/index.php\/wp-json\/wp\/v2\/posts\/50083","targetHints":{"allow":["GET"]}}],"collection":[{"href":"https:\/\/blogdoedvaldomagalhaes.com.br\/index.php\/wp-json\/wp\/v2\/posts"}],"about":[{"href":"https:\/\/blogdoedvaldomagalhaes.com.br\/index.php\/wp-json\/wp\/v2\/types\/post"}],"author":[{"embeddable":true,"href":"https:\/\/blogdoedvaldomagalhaes.com.br\/index.php\/wp-json\/wp\/v2\/users\/1"}],"replies":[{"embeddable":true,"href":"https:\/\/blogdoedvaldomagalhaes.com.br\/index.php\/wp-json\/wp\/v2\/comments?post=50083"}],"version-history":[{"count":1,"href":"https:\/\/blogdoedvaldomagalhaes.com.br\/index.php\/wp-json\/wp\/v2\/posts\/50083\/revisions"}],"predecessor-version":[{"id":50087,"href":"https:\/\/blogdoedvaldomagalhaes.com.br\/index.php\/wp-json\/wp\/v2\/posts\/50083\/revisions\/50087"}],"wp:featuredmedia":[{"embeddable":true,"href":"https:\/\/blogdoedvaldomagalhaes.com.br\/index.php\/wp-json\/wp\/v2\/media\/50084"}],"wp:attachment":[{"href":"https:\/\/blogdoedvaldomagalhaes.com.br\/index.php\/wp-json\/wp\/v2\/media?parent=50083"}],"wp:term":[{"taxonomy":"category","embeddable":true,"href":"https:\/\/blogdoedvaldomagalhaes.com.br\/index.php\/wp-json\/wp\/v2\/categories?post=50083"},{"taxonomy":"post_tag","embeddable":true,"href":"https:\/\/blogdoedvaldomagalhaes.com.br\/index.php\/wp-json\/wp\/v2\/tags?post=50083"}],"curies":[{"name":"wp","href":"https:\/\/api.w.org\/{rel}","templated":true}]}}