{"id":50077,"date":"2019-12-26T16:05:11","date_gmt":"2019-12-26T19:05:11","guid":{"rendered":"http:\/\/blogdoedvaldomagalhaes.com.br\/?p=50077"},"modified":"2019-12-26T16:05:16","modified_gmt":"2019-12-26T19:05:16","slug":"caruaru-recebera-recurso-para-comprar-carro-adaptado-e-ministrar-cursos-para-mulheres-com-deficiencia","status":"publish","type":"post","link":"https:\/\/blogdoedvaldomagalhaes.com.br\/index.php\/2019\/12\/26\/caruaru-recebera-recurso-para-comprar-carro-adaptado-e-ministrar-cursos-para-mulheres-com-deficiencia\/","title":{"rendered":"Caruaru receber\u00e1 recurso para comprar carro adaptado e ministrar cursos para mulheres com defici\u00eancia"},"content":{"rendered":"<p style=\"text-align: justify;\">A Prefeitura de Caruaru receber\u00e1 um recurso de R$ 295 mil do Governo Federal para a compra de um carro adaptado e realizar capacita\u00e7\u00f5es para mulheres com defici\u00eancia. O munic\u00edpio foi selecionado atrav\u00e9s de um projeto apresentado pela Secretaria de Pol\u00edticas para Mulheres (SPM).<\/p>\n<p style=\"text-align: justify;\">A implementa\u00e7\u00e3o acontece a partir dos programas &#8220;Caminho Promissor&#8221; e &#8220;Nova Vida&#8221;, de \u00e2mbito Federal, que proporcionam os direitos das pessoas em vulnerabilidade social. Apenas 28 munic\u00edpios de todo o Pa\u00eds foram escolhidos.<\/p>\n<p style=\"text-align: justify;\">Em Pernambuco, apenas Caruaru teve um projeto aprovado para mulheres. \u201cEsse curso \u00e9 uma realiza\u00e7\u00e3o, porque garantir os direitos das mulheres \u00e9 um desafio, e para as mulheres com defici\u00eancia n\u00e3o \u00e9 diferente. Assim, estamos contribuindo para que elas desenvolvam atividades econ\u00f4micas e possam ter sua independ\u00eancia financeira, e a partir do curso vamos contribuir para o enfrentamento \u00e0 viol\u00eancia dom\u00e9stica e familiar\u201d, ressaltou a secret\u00e1ria de Pol\u00edticas para Mulheres, Juliana Gouveia. O conv\u00eanio j\u00e1 foi assinado e a pr\u00f3xima fase ser\u00e1 a licita\u00e7\u00e3o.<\/p>\n","protected":false},"excerpt":{"rendered":"<p>A Prefeitura de Caruaru receber\u00e1 um recurso de R$ 295 mil do Governo Federal para a compra de um carro&hellip;<\/p>\n","protected":false},"author":1,"featured_media":50078,"comment_status":"open","ping_status":"open","sticky":false,"template":"","format":"standard","meta":{"footnotes":""},"categories":[14120],"tags":[2,16881,16950],"class_list":["post-50077","post","type-post","status-publish","format-standard","has-post-thumbnail","hentry","category-noticias","tag-blog-do-edvaldo-magalhaes","tag-caruaru-e-regiao","tag-caruaru-recebera-recurso-para-comprar-carro-adaptado-e-ministrar-cursos-para-mulheres-com-deficiencia"],"_links":{"self":[{"href":"https:\/\/blogdoedvaldomagalhaes.com.br\/index.php\/wp-json\/wp\/v2\/posts\/50077","targetHints":{"allow":["GET"]}}],"collection":[{"href":"https:\/\/blogdoedvaldomagalhaes.com.br\/index.php\/wp-json\/wp\/v2\/posts"}],"about":[{"href":"https:\/\/blogdoedvaldomagalhaes.com.br\/index.php\/wp-json\/wp\/v2\/types\/post"}],"author":[{"embeddable":true,"href":"https:\/\/blogdoedvaldomagalhaes.com.br\/index.php\/wp-json\/wp\/v2\/users\/1"}],"replies":[{"embeddable":true,"href":"https:\/\/blogdoedvaldomagalhaes.com.br\/index.php\/wp-json\/wp\/v2\/comments?post=50077"}],"version-history":[{"count":1,"href":"https:\/\/blogdoedvaldomagalhaes.com.br\/index.php\/wp-json\/wp\/v2\/posts\/50077\/revisions"}],"predecessor-version":[{"id":50079,"href":"https:\/\/blogdoedvaldomagalhaes.com.br\/index.php\/wp-json\/wp\/v2\/posts\/50077\/revisions\/50079"}],"wp:featuredmedia":[{"embeddable":true,"href":"https:\/\/blogdoedvaldomagalhaes.com.br\/index.php\/wp-json\/wp\/v2\/media\/50078"}],"wp:attachment":[{"href":"https:\/\/blogdoedvaldomagalhaes.com.br\/index.php\/wp-json\/wp\/v2\/media?parent=50077"}],"wp:term":[{"taxonomy":"category","embeddable":true,"href":"https:\/\/blogdoedvaldomagalhaes.com.br\/index.php\/wp-json\/wp\/v2\/categories?post=50077"},{"taxonomy":"post_tag","embeddable":true,"href":"https:\/\/blogdoedvaldomagalhaes.com.br\/index.php\/wp-json\/wp\/v2\/tags?post=50077"}],"curies":[{"name":"wp","href":"https:\/\/api.w.org\/{rel}","templated":true}]}}