{"id":50072,"date":"2019-12-26T12:59:37","date_gmt":"2019-12-26T15:59:37","guid":{"rendered":"http:\/\/blogdoedvaldomagalhaes.com.br\/?p=50072"},"modified":"2019-12-26T13:01:22","modified_gmt":"2019-12-26T16:01:22","slug":"ex-presidiario-e-morto-a-tiros-na-zona-rural-de-caruaru","status":"publish","type":"post","link":"https:\/\/blogdoedvaldomagalhaes.com.br\/index.php\/2019\/12\/26\/ex-presidiario-e-morto-a-tiros-na-zona-rural-de-caruaru\/","title":{"rendered":"Ex-presidi\u00e1rio \u00e9 morto a tiros na zona rural de Caruaru"},"content":{"rendered":"<p style=\"text-align: justify;\">O homic\u00eddio foi registrado na manh\u00e3 desta quinta feira (26), na Vila Pau Santo, zona rural de Caruaru. A v\u00edtima foi o ex-presidi\u00e1rio Jos\u00e9 Severino da Silva, de 37 anos, conhecido como Dud\u00e9, que foi atingido por disparos de arma de fogo. O corpo foi encaminhado para o IML Caruaru.<\/p>\n<p style=\"text-align: justify;\">Este foi o 8\u00b0 hom\u00edcidio do m\u00eas de dezembro, e 163\u00b0 do ano 2019, em Caruaru.<\/p>\n\n\n<figure class=\"wp-block-image size-large\"><img loading=\"lazy\" decoding=\"async\" width=\"479\" height=\"673\" src=\"http:\/\/blogdoedvaldomagalhaes.com.br\/wp-content\/uploads\/2019\/12\/IMG-20191226-WA0093.jpg\" alt=\"\" class=\"wp-image-50075\" srcset=\"https:\/\/blogdoedvaldomagalhaes.com.br\/wp-content\/uploads\/2019\/12\/IMG-20191226-WA0093.jpg 479w, https:\/\/blogdoedvaldomagalhaes.com.br\/wp-content\/uploads\/2019\/12\/IMG-20191226-WA0093-214x300.jpg 214w\" sizes=\"auto, (max-width: 479px) 100vw, 479px\" \/><figcaption>V\u00edtima <\/figcaption><\/figure>\n","protected":false},"excerpt":{"rendered":"<p>O homic\u00eddio foi registrado na manh\u00e3 desta quinta feira (26), na Vila Pau Santo, zona rural de Caruaru. A v\u00edtima&hellip;<\/p>\n","protected":false},"author":1,"featured_media":50073,"comment_status":"open","ping_status":"open","sticky":false,"template":"","format":"standard","meta":{"footnotes":""},"categories":[14121],"tags":[2,16881,16949],"class_list":["post-50072","post","type-post","status-publish","format-standard","has-post-thumbnail","hentry","category-policial","tag-blog-do-edvaldo-magalhaes","tag-caruaru-e-regiao","tag-ex-presidiario-e-morto-a-tiros-na-zona-rural-de-caruaru"],"_links":{"self":[{"href":"https:\/\/blogdoedvaldomagalhaes.com.br\/index.php\/wp-json\/wp\/v2\/posts\/50072","targetHints":{"allow":["GET"]}}],"collection":[{"href":"https:\/\/blogdoedvaldomagalhaes.com.br\/index.php\/wp-json\/wp\/v2\/posts"}],"about":[{"href":"https:\/\/blogdoedvaldomagalhaes.com.br\/index.php\/wp-json\/wp\/v2\/types\/post"}],"author":[{"embeddable":true,"href":"https:\/\/blogdoedvaldomagalhaes.com.br\/index.php\/wp-json\/wp\/v2\/users\/1"}],"replies":[{"embeddable":true,"href":"https:\/\/blogdoedvaldomagalhaes.com.br\/index.php\/wp-json\/wp\/v2\/comments?post=50072"}],"version-history":[{"count":2,"href":"https:\/\/blogdoedvaldomagalhaes.com.br\/index.php\/wp-json\/wp\/v2\/posts\/50072\/revisions"}],"predecessor-version":[{"id":50076,"href":"https:\/\/blogdoedvaldomagalhaes.com.br\/index.php\/wp-json\/wp\/v2\/posts\/50072\/revisions\/50076"}],"wp:featuredmedia":[{"embeddable":true,"href":"https:\/\/blogdoedvaldomagalhaes.com.br\/index.php\/wp-json\/wp\/v2\/media\/50073"}],"wp:attachment":[{"href":"https:\/\/blogdoedvaldomagalhaes.com.br\/index.php\/wp-json\/wp\/v2\/media?parent=50072"}],"wp:term":[{"taxonomy":"category","embeddable":true,"href":"https:\/\/blogdoedvaldomagalhaes.com.br\/index.php\/wp-json\/wp\/v2\/categories?post=50072"},{"taxonomy":"post_tag","embeddable":true,"href":"https:\/\/blogdoedvaldomagalhaes.com.br\/index.php\/wp-json\/wp\/v2\/tags?post=50072"}],"curies":[{"name":"wp","href":"https:\/\/api.w.org\/{rel}","templated":true}]}}