{"id":50067,"date":"2019-12-26T11:41:47","date_gmt":"2019-12-26T14:41:47","guid":{"rendered":"http:\/\/blogdoedvaldomagalhaes.com.br\/?p=50067"},"modified":"2019-12-26T11:41:49","modified_gmt":"2019-12-26T14:41:49","slug":"prf-divulga-balanco-da-operacao-natal-2019-em-pernambuco-confira","status":"publish","type":"post","link":"https:\/\/blogdoedvaldomagalhaes.com.br\/index.php\/2019\/12\/26\/prf-divulga-balanco-da-operacao-natal-2019-em-pernambuco-confira\/","title":{"rendered":"PRF divulga Balan\u00e7o da Opera\u00e7\u00e3o Natal 2019 em Pernambuco; Confira"},"content":{"rendered":"<p style=\"text-align: justify;\">Houve uma redu\u00e7\u00e3o de 27% no n\u00famero de acidentes e 40% no de mortes; esse per\u00edodo integra a primeira etapa da Opera\u00e7\u00e3o integrada Rodovida.<\/p>\n<p style=\"text-align: justify;\">Entre a sexta-feira (20) e a quarta-feira de (25), a Pol\u00edcia Rodovi\u00e1ria Federal (PRF) registrou 90 acidentes, com 76 feridos e cinco mortes nas rodovias federais de Pernambuco. A Opera\u00e7\u00e3o Natal do ano passado, realizada entre os dias 21 a 25 de dezembro, teve um dia a menos, sendo contabilizados 103 acidentes, com 52 feridos e sete mortes. Considerando a quantidade di\u00e1ria de acidentes e mortes, registrou-se uma redu\u00e7\u00e3o de 27% e 40%, respectivamente.<\/p>\n<p style=\"text-align: justify;\">Destaca-se a atua\u00e7\u00e3o do servi\u00e7o aerom\u00e9dico, parceria entre a Base de Opera\u00e7\u00f5es A\u00e9reas da PRF e o Servi\u00e7o de Atendimento M\u00f3vel de Urg\u00eancia (SAMU), que na quarta-feira (25), pousou na praia de Piedade, em Jaboat\u00e3o dos Guararapes, para fazer o transporte de uma jovem de 17 anos, v\u00edtima de afogamento. Ela foi removida para o campo do Derby e posteriormente encaminhada para o Hospital da Restaura\u00e7\u00e3o. A agilidade no transporte foi imprescind\u00edvel para salvar a vida da garota.<\/p>\n<p style=\"text-align: justify;\">Durante a opera\u00e7\u00e3o foram fiscalizadas 7.393 pessoas e 7.318 ve\u00edculos, sendo emitidas 3.489 autua\u00e7\u00f5es por diversas infra\u00e7\u00f5es, como n\u00e3o uso do cinto de seguran\u00e7a (139), ultrapassagem indevida (207), n\u00e3o uso do capacete (99) e condutor manuseando o celular (6).<\/p>\n<p style=\"text-align: justify;\">O enfrentamento \u00e0 mistura de bebida e dire\u00e7\u00e3o contou com o apoio de equipes da Opera\u00e7\u00e3o Lei Seca, sendo realizados 2.398 testes com o baf\u00f4metro, que resultaram em 77 autua\u00e7\u00f5es, sendo 14 por constata\u00e7\u00e3o, 61 por recusa e 2 por Termo de Constata\u00e7\u00e3o. Seis motoristas foram presos por dirigirem sob efeito de \u00e1lcool. Tamb\u00e9m, foram recolhidos 264 ve\u00edculos irregulares, 189 Certificados de Registro e Licenciamento de Ve\u00edculo (CRLVs) e 60 Carteiras Nacionais de Habilita\u00e7\u00e3o (CNHs).<\/p>\n<p style=\"text-align: justify;\">Para evitar acidentes, os agentes recolheram 31 animais que estavam soltos \u00e0s margens das rodovias e registraram 32,4 toneladas de excesso de peso em ve\u00edculos de carga. Ao todo, 318 pessoas foram sensibilizadas com palestras educativas que visam conscientizar os condutores para a promo\u00e7\u00e3o de um tr\u00e2nsito mais seguro. A Base de Opera\u00e7\u00f5es A\u00e9reas, que atua em conjunto com o SAMU foram acionados para realizar tr\u00eas resgates aerom\u00e9dicos.<\/p>\n<p style=\"text-align: justify;\">No combate \u00e0 criminalidade, 27 pessoas foram detidas por diversos crimes, entre eles o tr\u00e1fico de drogas, roubo de ve\u00edculos, falsifica\u00e7\u00e3o de documento e porte ilegal de arma de fogo.<\/p>\n\n\n<figure class=\"wp-block-image size-large\"><img loading=\"lazy\" decoding=\"async\" width=\"1024\" height=\"768\" src=\"http:\/\/blogdoedvaldomagalhaes.com.br\/wp-content\/uploads\/2019\/12\/IMG-20191226-WA0074-1024x768.jpg\" alt=\"\" class=\"wp-image-50069\" srcset=\"https:\/\/blogdoedvaldomagalhaes.com.br\/wp-content\/uploads\/2019\/12\/IMG-20191226-WA0074-1024x768.jpg 1024w, https:\/\/blogdoedvaldomagalhaes.com.br\/wp-content\/uploads\/2019\/12\/IMG-20191226-WA0074-300x225.jpg 300w, https:\/\/blogdoedvaldomagalhaes.com.br\/wp-content\/uploads\/2019\/12\/IMG-20191226-WA0074-768x576.jpg 768w, https:\/\/blogdoedvaldomagalhaes.com.br\/wp-content\/uploads\/2019\/12\/IMG-20191226-WA0074-160x120.jpg 160w, https:\/\/blogdoedvaldomagalhaes.com.br\/wp-content\/uploads\/2019\/12\/IMG-20191226-WA0074.jpg 1280w\" sizes=\"auto, (max-width: 1024px) 100vw, 1024px\" \/><\/figure>\n\n\n\n<figure class=\"wp-block-image size-large\"><img loading=\"lazy\" decoding=\"async\" width=\"1024\" height=\"768\" src=\"http:\/\/blogdoedvaldomagalhaes.com.br\/wp-content\/uploads\/2019\/12\/IMG-20191226-WA0076-1024x768.jpg\" alt=\"\" class=\"wp-image-50070\" srcset=\"https:\/\/blogdoedvaldomagalhaes.com.br\/wp-content\/uploads\/2019\/12\/IMG-20191226-WA0076-1024x768.jpg 1024w, https:\/\/blogdoedvaldomagalhaes.com.br\/wp-content\/uploads\/2019\/12\/IMG-20191226-WA0076-300x225.jpg 300w, https:\/\/blogdoedvaldomagalhaes.com.br\/wp-content\/uploads\/2019\/12\/IMG-20191226-WA0076-768x576.jpg 768w, https:\/\/blogdoedvaldomagalhaes.com.br\/wp-content\/uploads\/2019\/12\/IMG-20191226-WA0076-160x120.jpg 160w, https:\/\/blogdoedvaldomagalhaes.com.br\/wp-content\/uploads\/2019\/12\/IMG-20191226-WA0076.jpg 1280w\" sizes=\"auto, (max-width: 1024px) 100vw, 1024px\" \/><figcaption>Informa\u00e7\u00f5es e fotos: PRF<\/figcaption><\/figure>\n","protected":false},"excerpt":{"rendered":"<p>Houve uma redu\u00e7\u00e3o de 27% no n\u00famero de acidentes e 40% no de mortes; esse per\u00edodo integra a primeira etapa&hellip;<\/p>\n","protected":false},"author":1,"featured_media":50068,"comment_status":"open","ping_status":"open","sticky":false,"template":"","format":"standard","meta":{"footnotes":""},"categories":[14121],"tags":[2,16881,16948],"class_list":["post-50067","post","type-post","status-publish","format-standard","has-post-thumbnail","hentry","category-policial","tag-blog-do-edvaldo-magalhaes","tag-caruaru-e-regiao","tag-prf-divulga-balanco-da-operacao-natal-2019-em-pernambuco-confira"],"_links":{"self":[{"href":"https:\/\/blogdoedvaldomagalhaes.com.br\/index.php\/wp-json\/wp\/v2\/posts\/50067","targetHints":{"allow":["GET"]}}],"collection":[{"href":"https:\/\/blogdoedvaldomagalhaes.com.br\/index.php\/wp-json\/wp\/v2\/posts"}],"about":[{"href":"https:\/\/blogdoedvaldomagalhaes.com.br\/index.php\/wp-json\/wp\/v2\/types\/post"}],"author":[{"embeddable":true,"href":"https:\/\/blogdoedvaldomagalhaes.com.br\/index.php\/wp-json\/wp\/v2\/users\/1"}],"replies":[{"embeddable":true,"href":"https:\/\/blogdoedvaldomagalhaes.com.br\/index.php\/wp-json\/wp\/v2\/comments?post=50067"}],"version-history":[{"count":1,"href":"https:\/\/blogdoedvaldomagalhaes.com.br\/index.php\/wp-json\/wp\/v2\/posts\/50067\/revisions"}],"predecessor-version":[{"id":50071,"href":"https:\/\/blogdoedvaldomagalhaes.com.br\/index.php\/wp-json\/wp\/v2\/posts\/50067\/revisions\/50071"}],"wp:featuredmedia":[{"embeddable":true,"href":"https:\/\/blogdoedvaldomagalhaes.com.br\/index.php\/wp-json\/wp\/v2\/media\/50068"}],"wp:attachment":[{"href":"https:\/\/blogdoedvaldomagalhaes.com.br\/index.php\/wp-json\/wp\/v2\/media?parent=50067"}],"wp:term":[{"taxonomy":"category","embeddable":true,"href":"https:\/\/blogdoedvaldomagalhaes.com.br\/index.php\/wp-json\/wp\/v2\/categories?post=50067"},{"taxonomy":"post_tag","embeddable":true,"href":"https:\/\/blogdoedvaldomagalhaes.com.br\/index.php\/wp-json\/wp\/v2\/tags?post=50067"}],"curies":[{"name":"wp","href":"https:\/\/api.w.org\/{rel}","templated":true}]}}