{"id":50059,"date":"2019-12-26T10:46:44","date_gmt":"2019-12-26T13:46:44","guid":{"rendered":"http:\/\/blogdoedvaldomagalhaes.com.br\/?p=50059"},"modified":"2019-12-26T10:48:41","modified_gmt":"2019-12-26T13:48:41","slug":"associacao-irma-julia-entrega-presentes-de-natal-doados-para-idosos-de-bezerros-pe","status":"publish","type":"post","link":"https:\/\/blogdoedvaldomagalhaes.com.br\/index.php\/2019\/12\/26\/associacao-irma-julia-entrega-presentes-de-natal-doados-para-idosos-de-bezerros-pe\/","title":{"rendered":"Associa\u00e7\u00e3o Irm\u00e3 J\u00falia entrega presentes de Natal doados para idosos de Bezerros-PE"},"content":{"rendered":"<p style=\"text-align: justify;\">EQUIPE &#8211; Coordenadores da associa\u00e7\u00e3o estiveram no Lar Nossa Senhora do Ros\u00e1rio em Encruzilhada de S\u00e3o Jo\u00e3o no Dia de Natal.<\/p>\n<p style=\"text-align: justify;\">Ap\u00f3s sete dias arrecadando doa\u00e7\u00f5es de Natal, atrav\u00e9s da campanha *&#8221;Adote um Sonho&#8221;*, os coordenadores da Associa\u00e7\u00e3o Irm\u00e3 J\u00falia de Bezerros, no Agreste pernambucano, fizeram a entrega dos presentes doados para os idosos do Lar Nossa Senhora do Ros\u00e1rio em Encruzilhada de S\u00e3o Jo\u00e3o, nesta quarta-feira (25), Dia de Natal. A campanha arrecadou e doou mais de 100 lembrancinhas, mais de 400 pe\u00e7as de roupas e principalmente amor e carinho para mais de 80 idosos que s\u00e3o acolhidos no local.<\/p>\n<p style=\"text-align: justify;\">Os pedidos foram feitos atrav\u00e9s de fotografias publicadas nas redes sociais do abrigo, nas quais os idosos estavam segurando plaquinhas com os \u201csonhos\u201d que eles desejavam ganhar neste Natal. Em sua maioria, pedidos simples como perfumes, vestidos, cal\u00e7as, sand\u00e1lias, blusas, roupas \u00edntimas, rel\u00f3gio, chap\u00e9u, boneca e at\u00e9 r\u00e1dio. Presentes simples, mas que fizeram um Natal mais feliz para quem mais precisa de nosso amor, carinho e solidariedade.<\/p>\n<p style=\"text-align: justify;\">O idealizador do projeto e tamb\u00e9m um dos coordenadores da Associa\u00e7\u00e3o Irm\u00e3 J\u00falia, Rinaldo Luiz, falou sobre a emo\u00e7\u00e3o em promover uma iniciativa dessa natureza em pleno per\u00edodo natalino. \u201cN\u00e3o \u00e9 f\u00e1cil nem falar sobre isso, mas \u00e9 preciso. Al\u00e9m de mostrar, precisamos tamb\u00e9m agir. S\u00e3o dezenas de idosos que depois de uma vida longa e dif\u00edcil, chegam aqui sem muita expectativa. Ent\u00e3o, quando chegamos com presentes, alegria, amor e aten\u00e7\u00e3o&#8230; poxa, \u00e9 um momento \u00fanico. Pra falar a verdade, acredito que saio daqui mais realizado do que eles que ganham os presentes de Natal\u201d, destacou.<\/p>\n<p style=\"text-align: justify;\">Foi a primeira vez que o projeto \u201cAdote um Sonho\u201d foi realizado pela associa\u00e7\u00e3o que promove in\u00fameras a\u00e7\u00f5es sociais no munic\u00edpio ao longo do ano e a expectativa \u00e9 que, no pr\u00f3ximo ano, a iniciativa cres\u00e7a ainda mais. \u201cEu fa\u00e7o o que Deus me pede pra fazer e fa\u00e7o tudo com muito amor. Queria ter recursos suficientes para fazer muito mais do que fizemos nesse Natal, mas sei que em 2020 n\u00f3s vamos melhorar ainda mais, vamos nos organizar ainda mais e fortalecer essa parceria em prol dos nossos idosos\u201d, finalizou Rinaldo.<\/p>\n<p style=\"text-align: justify;\">AMPLIA\u00c7\u00c3O \/ DOA\u00c7\u00d5ES<\/p>\n<p style=\"text-align: justify;\">O Lar Nossa Senhora do Ros\u00e1rio (Associa\u00e7\u00e3o de Idosos) de Encruzilhada de S\u00e3o Jo\u00e3o, em Bezerros, vem construindo uma nova sede h\u00e1 mais de cinco anos, por\u00e9m, com muitas dificuldades, j\u00e1 que todos os recursos s\u00e3o oriundos de doa\u00e7\u00f5es. O novo espa\u00e7o vai oferecer melhores condi\u00e7\u00f5es de acomoda\u00e7\u00e3o e cuidado aos idosos.<\/p>\n<p>Voc\u00ea tamb\u00e9m pode ajudar o Lar Nossa Senhora do Ros\u00e1rio doando roupas usadas (em bom estado), produtos de higiene pessoal, material de limpeza, alimentos n\u00e3o perec\u00edveis, etc. Para isso, basta entrar em contato atrav\u00e9s dos n\u00fameros (81) 3728-8442 \/ (81) 9-9260-3316.<\/p>\n<p style=\"text-align: justify;\">DOA\u00c7\u00d5ES ATRAV\u00c9S DO BANCO DO BRASIL<br \/>Ag\u00eancia: 1643-8<br \/>Conta Corrente: 17.489-0<\/p>\n<p style=\"text-align: justify;\">Informa\u00e7\u00f5es e fotos: Assessoria de Imprensa \/ Associa\u00e7\u00e3o Irm\u00e3 J\u00falia.<\/p>\n\n\n<figure class=\"wp-block-image size-large\"><img loading=\"lazy\" decoding=\"async\" width=\"1024\" height=\"607\" src=\"http:\/\/blogdoedvaldomagalhaes.com.br\/wp-content\/uploads\/2019\/12\/IMG-20191226-WA0066-1024x607.jpg\" alt=\"\" class=\"wp-image-50061\" srcset=\"https:\/\/blogdoedvaldomagalhaes.com.br\/wp-content\/uploads\/2019\/12\/IMG-20191226-WA0066-1024x607.jpg 1024w, https:\/\/blogdoedvaldomagalhaes.com.br\/wp-content\/uploads\/2019\/12\/IMG-20191226-WA0066-300x178.jpg 300w, https:\/\/blogdoedvaldomagalhaes.com.br\/wp-content\/uploads\/2019\/12\/IMG-20191226-WA0066-768x455.jpg 768w, https:\/\/blogdoedvaldomagalhaes.com.br\/wp-content\/uploads\/2019\/12\/IMG-20191226-WA0066.jpg 1045w\" sizes=\"auto, (max-width: 1024px) 100vw, 1024px\" \/><\/figure>\n\n\n\n\n\n<figure class=\"wp-block-image size-large\"><img loading=\"lazy\" decoding=\"async\" width=\"1013\" height=\"617\" src=\"http:\/\/blogdoedvaldomagalhaes.com.br\/wp-content\/uploads\/2019\/12\/IMG-20191226-WA0064.jpg\" alt=\"\" class=\"wp-image-50062\" srcset=\"https:\/\/blogdoedvaldomagalhaes.com.br\/wp-content\/uploads\/2019\/12\/IMG-20191226-WA0064.jpg 1013w, https:\/\/blogdoedvaldomagalhaes.com.br\/wp-content\/uploads\/2019\/12\/IMG-20191226-WA0064-300x183.jpg 300w, https:\/\/blogdoedvaldomagalhaes.com.br\/wp-content\/uploads\/2019\/12\/IMG-20191226-WA0064-768x468.jpg 768w\" sizes=\"auto, (max-width: 1013px) 100vw, 1013px\" \/><\/figure>\n\n\n\n<figure class=\"wp-block-image size-large\"><img loading=\"lazy\" decoding=\"async\" width=\"619\" height=\"821\" src=\"http:\/\/blogdoedvaldomagalhaes.com.br\/wp-content\/uploads\/2019\/12\/IMG-20191226-WA0067.jpg\" alt=\"\" class=\"wp-image-50063\" srcset=\"https:\/\/blogdoedvaldomagalhaes.com.br\/wp-content\/uploads\/2019\/12\/IMG-20191226-WA0067.jpg 619w, https:\/\/blogdoedvaldomagalhaes.com.br\/wp-content\/uploads\/2019\/12\/IMG-20191226-WA0067-226x300.jpg 226w\" sizes=\"auto, (max-width: 619px) 100vw, 619px\" \/><\/figure>\n\n\n\n<figure class=\"wp-block-image size-large\"><img loading=\"lazy\" decoding=\"async\" width=\"955\" height=\"819\" src=\"http:\/\/blogdoedvaldomagalhaes.com.br\/wp-content\/uploads\/2019\/12\/IMG-20191226-WA0065.jpg\" alt=\"\" class=\"wp-image-50064\" srcset=\"https:\/\/blogdoedvaldomagalhaes.com.br\/wp-content\/uploads\/2019\/12\/IMG-20191226-WA0065.jpg 955w, https:\/\/blogdoedvaldomagalhaes.com.br\/wp-content\/uploads\/2019\/12\/IMG-20191226-WA0065-300x257.jpg 300w, https:\/\/blogdoedvaldomagalhaes.com.br\/wp-content\/uploads\/2019\/12\/IMG-20191226-WA0065-768x659.jpg 768w\" sizes=\"auto, (max-width: 955px) 100vw, 955px\" \/><\/figure>\n","protected":false},"excerpt":{"rendered":"<p>EQUIPE &#8211; Coordenadores da associa\u00e7\u00e3o estiveram no Lar Nossa Senhora do Ros\u00e1rio em Encruzilhada de S\u00e3o Jo\u00e3o no Dia de&hellip;<\/p>\n","protected":false},"author":1,"featured_media":50060,"comment_status":"open","ping_status":"open","sticky":false,"template":"","format":"standard","meta":{"footnotes":""},"categories":[14120],"tags":[16947,2,16881],"class_list":["post-50059","post","type-post","status-publish","format-standard","has-post-thumbnail","hentry","category-noticias","tag-associacao-irma-julia-entrega-presentes-de-natal-doados-para-idosos-de-bezerros-pe","tag-blog-do-edvaldo-magalhaes","tag-caruaru-e-regiao"],"_links":{"self":[{"href":"https:\/\/blogdoedvaldomagalhaes.com.br\/index.php\/wp-json\/wp\/v2\/posts\/50059","targetHints":{"allow":["GET"]}}],"collection":[{"href":"https:\/\/blogdoedvaldomagalhaes.com.br\/index.php\/wp-json\/wp\/v2\/posts"}],"about":[{"href":"https:\/\/blogdoedvaldomagalhaes.com.br\/index.php\/wp-json\/wp\/v2\/types\/post"}],"author":[{"embeddable":true,"href":"https:\/\/blogdoedvaldomagalhaes.com.br\/index.php\/wp-json\/wp\/v2\/users\/1"}],"replies":[{"embeddable":true,"href":"https:\/\/blogdoedvaldomagalhaes.com.br\/index.php\/wp-json\/wp\/v2\/comments?post=50059"}],"version-history":[{"count":2,"href":"https:\/\/blogdoedvaldomagalhaes.com.br\/index.php\/wp-json\/wp\/v2\/posts\/50059\/revisions"}],"predecessor-version":[{"id":50066,"href":"https:\/\/blogdoedvaldomagalhaes.com.br\/index.php\/wp-json\/wp\/v2\/posts\/50059\/revisions\/50066"}],"wp:featuredmedia":[{"embeddable":true,"href":"https:\/\/blogdoedvaldomagalhaes.com.br\/index.php\/wp-json\/wp\/v2\/media\/50060"}],"wp:attachment":[{"href":"https:\/\/blogdoedvaldomagalhaes.com.br\/index.php\/wp-json\/wp\/v2\/media?parent=50059"}],"wp:term":[{"taxonomy":"category","embeddable":true,"href":"https:\/\/blogdoedvaldomagalhaes.com.br\/index.php\/wp-json\/wp\/v2\/categories?post=50059"},{"taxonomy":"post_tag","embeddable":true,"href":"https:\/\/blogdoedvaldomagalhaes.com.br\/index.php\/wp-json\/wp\/v2\/tags?post=50059"}],"curies":[{"name":"wp","href":"https:\/\/api.w.org\/{rel}","templated":true}]}}