{"id":50053,"date":"2019-12-26T10:18:09","date_gmt":"2019-12-26T13:18:09","guid":{"rendered":"http:\/\/blogdoedvaldomagalhaes.com.br\/?p=50053"},"modified":"2019-12-26T10:25:48","modified_gmt":"2019-12-26T13:25:48","slug":"governo-de-pernambuco-incentivara-cultura-com-r-41-milhoes-em-2020","status":"publish","type":"post","link":"https:\/\/blogdoedvaldomagalhaes.com.br\/index.php\/2019\/12\/26\/governo-de-pernambuco-incentivara-cultura-com-r-41-milhoes-em-2020\/","title":{"rendered":"Governo de Pernambuco incentivar\u00e1 cultura com R$ 41 milh\u00f5es em 2020"},"content":{"rendered":"<div style=\"text-align: justify;\">O Governo de Pernambuco ir\u00e1 incentivar a produ\u00e7\u00e3o cultural independente de Pernambuco com recursos na ordem de R$ 41 milh\u00f5es, em 2020. S\u00e3o nove milh\u00f5es a mais do que anualmente \u00e9 disponibilizado, tendo em vista um edital a mais do\u00a0<a href=\"http:\/\/www.cultura.pe.gov.br\/canal\/funcultura\/secult-pe-e-fundarpe-lancam-editais-para-o-audiovisual-pernambucano-no-valor-de-r-18-560-milhoes\/\" target=\"_blank\" rel=\"noopener noreferrer\"><strong>Funcultura do Audiovisual<\/strong><\/a>. Al\u00e9m de dois editais para este segmento, tamb\u00e9m est\u00e3o sendo lan\u00e7ados \u2013 pela Secretaria de Cultura e Fundarpe \u2013 a edi\u00e7\u00e3o 2019\/2020 dos editais Geral, M\u00fasica e Microprojeto Cultural.<\/div>\n<div style=\"text-align: justify;\">\u201cAcreditamos na for\u00e7a da produ\u00e7\u00e3o cultural do Estado que, para al\u00e9m de reafirmar s\u00edmbolos da nossa identidade, impacta em dimens\u00f5es variadas da sociedade, fortalecendo uma complexa cadeia produtiva nas mais diversas linguagens. Com os projetos do Funcultura, conseguimos produzir arte, pesquisa e conhecimento em todas as regi\u00f5es do estado, al\u00e9m de cada vez mais promover a acessibilidade para o p\u00fablico com necessidades especiais\u201d, ressalta o secret\u00e1rio de Cultura Gilberto Freyre Neto.<\/div>\n<div style=\"text-align: justify;\">Nste ano, est\u00e3o sendo lan\u00e7ados dois editais do Funcultura para execu\u00e7\u00e3o em 2020. O\u00a0<a href=\"http:\/\/www.cultura.pe.gov.br\/editais\/12o-edital-do-funcultura-audiovisual-2019\/\" target=\"_blank\" rel=\"noopener noreferrer\"><strong>12\u00ba edital Funcultura 2019<\/strong><\/a>, como est\u00e1 sendo chamado, destinar\u00e1 R$ 9,28 milh\u00f5es para os projetos aprovados nas categorias de longa-metragem e produtos para televis\u00e3o.\u00a0 As inscri\u00e7\u00f5es dever\u00e3o ser realizadas no per\u00edodo de\u00a0<strong>3 a 14 de fevereiro de 2020<\/strong>. O segundo edital \u00e9 a\u00a0<a href=\"http:\/\/www.cultura.pe.gov.br\/editais\/13o-edital-do-funcultura-audiovisual-20192020\/\" target=\"_blank\" rel=\"noopener noreferrer\"><strong>13\u00aa edi\u00e7\u00e3o 2019-2020 do Funcultura Audiovisual<\/strong><\/a>\u00a0e destinar\u00e1 o mesmo valor, R$ 9,28 milh\u00f5es, para produtos n\u00e3o contemplados no primeiro certame: curta e m\u00e9dia-metragem, difus\u00e3o, forma\u00e7\u00e3o, desenvolvimento do cineclubismo, revelando os Pernambucos, games, pesquisa e preserva\u00e7\u00e3o, desenvolvimento de longa-metragem, desenvolvimento de produtos para TV, obra seriada de curta dura\u00e7\u00e3o, finaliza\u00e7\u00e3o e distribui\u00e7\u00e3o de longa-metragem e webs\u00e9rie-webcanal. As inscri\u00e7\u00f5es dever\u00e3o ser realizadas no per\u00edodo de\u00a0<strong>17 de fevereiro a 3 de mar\u00e7o de 2020<\/strong>.<\/div>\n<div style=\"text-align: justify;\">O edital do\u00a0<a href=\"http:\/\/www.cultura.pe.gov.br\/editais\/edital-funcultura-geral-2019-2020\/\" target=\"_blank\" rel=\"noopener noreferrer\"><strong>Funcultura Geral<\/strong><\/a>\u00a0ir\u00e1 disponibilizar o montante de R$ 15.680 milh\u00f5es para incentivar projetos das seguintes linguagens culturais: Artes Integradas, Artes Pl\u00e1sticas, Artes Gr\u00e1ficas e Cong\u00eaneres, Artesanato, Circo, Cultura Popular e Tradicional, Dan\u00e7a, Design e Mora, Fotografia, Gastronomia, Literatura, \u00d3pera, Patrim\u00f4nio, teatro, Forma\u00e7\u00e3o e Capacita\u00e7\u00e3o e Pesquisa Cultural. Os projetos poder\u00e3o ser protocoladas no per\u00edodo de\u00a0<strong>14 de abril a 30 de abril de 2020<\/strong>.<\/div>\n<div style=\"text-align: justify;\">\u201c2020 ser\u00e1 um ano grande produtividade para o Funcultura. Com cinco editais publicados, \u00e9 essencial que o fundo opere cada vez mais de forma ordenada. Neste sentido, embora o ano novo ainda n\u00e3o tenha chegado, o planejamento das a\u00e7\u00f5es do Funcultura para 2020 j\u00e1 come\u00e7aram, a fim de que, assim como em 2019, consigamos cumprir os compromissos assumimos de forma tempestiva\u201d, coloca Aline Oliveira, superintendente do Funcultura. Ela ressalta ainda que cerca de 7% dos recursos do Funcultura correspondem a custeio administrativo.<\/div>\n<div style=\"text-align: justify;\">Outro edital que j\u00e1 est\u00e1 dispon\u00edvel para consulta \u00e9 o\u00a0<a href=\"http:\/\/www.cultura.pe.gov.br\/editais\/edital-microprojeto-cultural-2019-2020\/\" target=\"_blank\" rel=\"noopener noreferrer\"><strong>Microprojeto Cultural<\/strong><\/a>. O objetivo deste edital \u00e9 fomentar atividades art\u00edstico culturais de baixo or\u00e7amento, estimular a cria\u00e7\u00e3o e participa\u00e7\u00e3o do(a) produtor(a) e criador(a) no desenvolvimento da arte e da cultura, promover a cidadania cultural e estimular as express\u00f5es locais, com garantia de regionaliza\u00e7\u00e3o. O certame \u00e9 voltado para iniciativas de indiv\u00edduos, grupos e coletivos, formados por jovens de baixa renda, principalmente, de cidades com baixo \u00cdndice de Desenvolvimento Humano Municipal (IDH-M). Est\u00e1 sendo disponibilizado o montante de R$ 640 mil para os projetos do edital, com um limite de R$ 15 mil por projeto.\u00a0\u00a0As inscri\u00e7\u00f5es v\u00e3o de\u00a0<strong>9 a 20 de mar\u00e7o de 2020<\/strong>.<\/div>\n<div style=\"text-align: justify;\">Tamb\u00e9m est\u00e1 no ar o 4\u00ba Edital do Programa de Fomento \u00e0 Produ\u00e7\u00e3o em M\u00fasica de Pernambuco, o\u00a0<a href=\"http:\/\/www.cultura.pe.gov.br\/editais\/4o-edital-do-funcultura-da-musica-2019-2020\/#\" target=\"_blank\" rel=\"noopener noreferrer\"><strong>Funcultura da M\u00fasica 2019\/2020<\/strong><\/a>. O edital ir\u00e1 disponibilizar o montante de R$ 4. 160 milh\u00f5es para diversas categorias do segmento. A saber: Circula\u00e7\u00e3o (R$ 920 mil), festivais (R$ 750 mil), Grava\u00e7\u00e3o (R$ 650 mil), Produtos e Conte\u00fados (R$ 335 mil), Economia da Cultura (R$ 150 mil) e Manuten\u00e7\u00e3o de Bandas de M\u00fasica (Filam\u00f4rnicas), Escolas de Bandas de M\u00fasica e Corais (R$ 250 mil). As inscri\u00e7\u00f5es ficar\u00e3o abertas de\u00a0<strong>30 de mar\u00e7o a 13 de abril<\/strong>.<\/div>\n<div style=\"text-align: justify;\">\u201cEsse conjunto de editais dinamizam fortemente a cadeia produtiva da cultura, gerando, com a circula\u00e7\u00e3o dos artistas e dos projetos, a gera\u00e7\u00e3o de emprego, renda, o fortalecimento do turismo, a qualifica\u00e7\u00e3o do profissional da cultura, al\u00e9m de levar arte e cultura para regi\u00f5es que n\u00e3o teriam acesso, n\u00e3o fosse esse importante fomento governamental, gerido pela produ\u00e7\u00e3o independente do Estado. Estamos cada vez mais satisfeitos com os resultados que o Funcultura vem gerando na economia da cultura de Pernambuco, e \u00e9 uma honra para n\u00f3s estarmos conduzindo essa pol\u00edtica\u201d, avalia Marcelo Canuto, presidente da Fundarpe.<\/div>\n<div style=\"text-align: justify;\">Para ter acesso a todos os editais do Funcultura, acesse:\u00a0<strong><a href=\"http:\/\/www.cultura.pe.gov.br\/editais\/\">www.cultura.pe.gov.br\/editais<\/a><\/strong>.<\/div>\n","protected":false},"excerpt":{"rendered":"<p>O Governo de Pernambuco ir\u00e1 incentivar a produ\u00e7\u00e3o cultural independente de Pernambuco com recursos na ordem de R$ 41 milh\u00f5es,&hellip;<\/p>\n","protected":false},"author":1,"featured_media":50054,"comment_status":"open","ping_status":"open","sticky":false,"template":"","format":"standard","meta":{"footnotes":""},"categories":[14120],"tags":[2,16881,16946],"class_list":["post-50053","post","type-post","status-publish","format-standard","has-post-thumbnail","hentry","category-noticias","tag-blog-do-edvaldo-magalhaes","tag-caruaru-e-regiao","tag-governo-de-pernambuco-incentivara-cultura-com-r-41-milhoes-em-2020"],"_links":{"self":[{"href":"https:\/\/blogdoedvaldomagalhaes.com.br\/index.php\/wp-json\/wp\/v2\/posts\/50053","targetHints":{"allow":["GET"]}}],"collection":[{"href":"https:\/\/blogdoedvaldomagalhaes.com.br\/index.php\/wp-json\/wp\/v2\/posts"}],"about":[{"href":"https:\/\/blogdoedvaldomagalhaes.com.br\/index.php\/wp-json\/wp\/v2\/types\/post"}],"author":[{"embeddable":true,"href":"https:\/\/blogdoedvaldomagalhaes.com.br\/index.php\/wp-json\/wp\/v2\/users\/1"}],"replies":[{"embeddable":true,"href":"https:\/\/blogdoedvaldomagalhaes.com.br\/index.php\/wp-json\/wp\/v2\/comments?post=50053"}],"version-history":[{"count":3,"href":"https:\/\/blogdoedvaldomagalhaes.com.br\/index.php\/wp-json\/wp\/v2\/posts\/50053\/revisions"}],"predecessor-version":[{"id":50058,"href":"https:\/\/blogdoedvaldomagalhaes.com.br\/index.php\/wp-json\/wp\/v2\/posts\/50053\/revisions\/50058"}],"wp:featuredmedia":[{"embeddable":true,"href":"https:\/\/blogdoedvaldomagalhaes.com.br\/index.php\/wp-json\/wp\/v2\/media\/50054"}],"wp:attachment":[{"href":"https:\/\/blogdoedvaldomagalhaes.com.br\/index.php\/wp-json\/wp\/v2\/media?parent=50053"}],"wp:term":[{"taxonomy":"category","embeddable":true,"href":"https:\/\/blogdoedvaldomagalhaes.com.br\/index.php\/wp-json\/wp\/v2\/categories?post=50053"},{"taxonomy":"post_tag","embeddable":true,"href":"https:\/\/blogdoedvaldomagalhaes.com.br\/index.php\/wp-json\/wp\/v2\/tags?post=50053"}],"curies":[{"name":"wp","href":"https:\/\/api.w.org\/{rel}","templated":true}]}}