{"id":50047,"date":"2019-12-24T15:21:04","date_gmt":"2019-12-24T18:21:04","guid":{"rendered":"http:\/\/blogdoedvaldomagalhaes.com.br\/?p=50047"},"modified":"2019-12-24T15:21:06","modified_gmt":"2019-12-24T18:21:06","slug":"rodovias-tem-fiscalizacao-reforcada-na-operacao-fim-de-ano-em-pernambuco","status":"publish","type":"post","link":"https:\/\/blogdoedvaldomagalhaes.com.br\/index.php\/2019\/12\/24\/rodovias-tem-fiscalizacao-reforcada-na-operacao-fim-de-ano-em-pernambuco\/","title":{"rendered":"Rodovias tem fiscaliza\u00e7\u00e3o refor\u00e7ada na Opera\u00e7\u00e3o Fim de Ano em Pernambuco"},"content":{"rendered":"<p style=\"text-align: justify;\">A\u00e7\u00e3o ser\u00e1 dividida em duas etapas, para atender o Natal e o Ano Novo.<\/p>\n<p style=\"text-align: justify;\">A fiscaliza\u00e7\u00e3o nas rodovias de Pernambuco ser\u00e1 refor\u00e7ada a partir de sexta-feira (20) com a Opera\u00e7\u00e3o Fim de Ano da Pol\u00edcia Rodovi\u00e1ria Federal (PRF). A a\u00e7\u00e3o ter\u00e1 como foco a redu\u00e7\u00e3o de acidentes graves, que podem resultar em feridos graves ou mortos, e o enfrentamento \u00e0 criminalidade.<\/p>\n<p style=\"text-align: justify;\">A primeira etapa da opera\u00e7\u00e3o compreende o per\u00edodo do Natal, entre os dias 20 a 25 de dezembro. J\u00e1 a segunda, abrange as festas de final de ano, no per\u00edodo de 27 de dezembro a 1\u00ba de janeiro. Essa \u00e9poca se destaca por um aumento na quantidade de ve\u00edculos que trafegam pelas rodovias, principalmente em dire\u00e7\u00e3o ao litoral e ao interior do estado.<\/p>\n<p style=\"text-align: justify;\">Para evitar acidentes e coibir os excessos, a PRF estar\u00e1 refor\u00e7ando a fiscaliza\u00e7\u00e3o das condutas mais arriscadas, como a embriaguez ao volante, as ultrapassagens perigosas, o uso irregular de motocicletas e o n\u00e3o uso do cinto de seguran\u00e7a.<\/p>\n<p style=\"text-align: justify;\">As atividades de enfrentamento ao crime contar\u00e3o com o apoio do Setor de Opera\u00e7\u00f5es Especializadas e dos Grupos de Opera\u00e7\u00f5es com C\u00e3es, Motociclistas e Policiamento T\u00e1tico da PRF. A Base de Opera\u00e7\u00f5es A\u00e9reas, que atua em conjunto com o Servi\u00e7o de Atendimento M\u00f3vel de Urg\u00eancia (SAMU), tamb\u00e9m estar\u00e1 de prontid\u00e3o para realizar resgates e acompanhar a movimenta\u00e7\u00e3o nas rodovias.<\/p>\n<p style=\"text-align: justify;\">As a\u00e7\u00f5es para prevenir acidentes ter\u00e3o o apoio do Grupo de Educa\u00e7\u00e3o para o Tr\u00e2nsito da PRF, atrav\u00e9s de palestras em um \u00f4nibus adaptado e no interior de ve\u00edculos de passageiros, em locais de grande movimenta\u00e7\u00e3o nas rodovias. As abordagens buscam promover a mudan\u00e7a de comportamento de motoristas e passageiros, valorizando o papel de cada um na constru\u00e7\u00e3o de um tr\u00e2nsito mais seguro.<\/p>\n<p style=\"text-align: justify;\">*Dicas de seguran\u00e7a*<\/p>\n<p style=\"text-align: justify;\">Descanse bem antes de dirigir. O sono pode ser t\u00e3o prejudicial quanto o consumo de bebida alco\u00f3lica.<\/p>\n<p style=\"text-align: justify;\">Revise pneus, freios, far\u00f3is, n\u00edvel do \u00f3leo e o motor do ve\u00edculo.<\/p>\n<p style=\"text-align: justify;\">Respeite os limites de velocidade e evite recuperar o tempo perdido com obras ou congestionamentos.<\/p>\n<p style=\"text-align: justify;\">Dirija com o farol baixo ligado e mantenha uma dist\u00e2ncia segura dos outros ve\u00edculos.<\/p>\n<p style=\"text-align: justify;\">S\u00f3 ultrapasse com seguran\u00e7a e em locais permitidos pela legisla\u00e7\u00e3o.<\/p>\n<p style=\"text-align: justify;\">Em caso de emerg\u00eancia, ligue 191.<\/p>\n\n\n<figure class=\"wp-block-image size-large\"><img loading=\"lazy\" decoding=\"async\" width=\"1024\" height=\"768\" src=\"http:\/\/blogdoedvaldomagalhaes.com.br\/wp-content\/uploads\/2019\/12\/IMG-20191224-WA0245-1024x768.jpg\" alt=\"\" class=\"wp-image-50049\" srcset=\"https:\/\/blogdoedvaldomagalhaes.com.br\/wp-content\/uploads\/2019\/12\/IMG-20191224-WA0245-1024x768.jpg 1024w, https:\/\/blogdoedvaldomagalhaes.com.br\/wp-content\/uploads\/2019\/12\/IMG-20191224-WA0245-300x225.jpg 300w, https:\/\/blogdoedvaldomagalhaes.com.br\/wp-content\/uploads\/2019\/12\/IMG-20191224-WA0245-768x576.jpg 768w, https:\/\/blogdoedvaldomagalhaes.com.br\/wp-content\/uploads\/2019\/12\/IMG-20191224-WA0245-160x120.jpg 160w, https:\/\/blogdoedvaldomagalhaes.com.br\/wp-content\/uploads\/2019\/12\/IMG-20191224-WA0245.jpg 1280w\" sizes=\"auto, (max-width: 1024px) 100vw, 1024px\" \/><\/figure>\n\n\n\n<figure class=\"wp-block-image size-large\"><img loading=\"lazy\" decoding=\"async\" width=\"1024\" height=\"768\" src=\"http:\/\/blogdoedvaldomagalhaes.com.br\/wp-content\/uploads\/2019\/12\/IMG-20191224-WA0244-1024x768.jpg\" alt=\"\" class=\"wp-image-50050\" srcset=\"https:\/\/blogdoedvaldomagalhaes.com.br\/wp-content\/uploads\/2019\/12\/IMG-20191224-WA0244-1024x768.jpg 1024w, https:\/\/blogdoedvaldomagalhaes.com.br\/wp-content\/uploads\/2019\/12\/IMG-20191224-WA0244-300x225.jpg 300w, https:\/\/blogdoedvaldomagalhaes.com.br\/wp-content\/uploads\/2019\/12\/IMG-20191224-WA0244-768x576.jpg 768w, https:\/\/blogdoedvaldomagalhaes.com.br\/wp-content\/uploads\/2019\/12\/IMG-20191224-WA0244-160x120.jpg 160w, https:\/\/blogdoedvaldomagalhaes.com.br\/wp-content\/uploads\/2019\/12\/IMG-20191224-WA0244.jpg 1280w\" sizes=\"auto, (max-width: 1024px) 100vw, 1024px\" \/><figcaption>Informa\u00e7\u00f5es e fotos: PRF<\/figcaption><\/figure>\n","protected":false},"excerpt":{"rendered":"<p>A\u00e7\u00e3o ser\u00e1 dividida em duas etapas, para atender o Natal e o Ano Novo. A fiscaliza\u00e7\u00e3o nas rodovias de Pernambuco&hellip;<\/p>\n","protected":false},"author":1,"featured_media":50048,"comment_status":"open","ping_status":"open","sticky":false,"template":"","format":"standard","meta":{"footnotes":""},"categories":[14120],"tags":[2,16881,16945],"class_list":["post-50047","post","type-post","status-publish","format-standard","has-post-thumbnail","hentry","category-noticias","tag-blog-do-edvaldo-magalhaes","tag-caruaru-e-regiao","tag-rodovias-tem-fiscalizacao-reforcada-na-operacao-fim-de-ano-em-pernambuco"],"_links":{"self":[{"href":"https:\/\/blogdoedvaldomagalhaes.com.br\/index.php\/wp-json\/wp\/v2\/posts\/50047","targetHints":{"allow":["GET"]}}],"collection":[{"href":"https:\/\/blogdoedvaldomagalhaes.com.br\/index.php\/wp-json\/wp\/v2\/posts"}],"about":[{"href":"https:\/\/blogdoedvaldomagalhaes.com.br\/index.php\/wp-json\/wp\/v2\/types\/post"}],"author":[{"embeddable":true,"href":"https:\/\/blogdoedvaldomagalhaes.com.br\/index.php\/wp-json\/wp\/v2\/users\/1"}],"replies":[{"embeddable":true,"href":"https:\/\/blogdoedvaldomagalhaes.com.br\/index.php\/wp-json\/wp\/v2\/comments?post=50047"}],"version-history":[{"count":1,"href":"https:\/\/blogdoedvaldomagalhaes.com.br\/index.php\/wp-json\/wp\/v2\/posts\/50047\/revisions"}],"predecessor-version":[{"id":50051,"href":"https:\/\/blogdoedvaldomagalhaes.com.br\/index.php\/wp-json\/wp\/v2\/posts\/50047\/revisions\/50051"}],"wp:featuredmedia":[{"embeddable":true,"href":"https:\/\/blogdoedvaldomagalhaes.com.br\/index.php\/wp-json\/wp\/v2\/media\/50048"}],"wp:attachment":[{"href":"https:\/\/blogdoedvaldomagalhaes.com.br\/index.php\/wp-json\/wp\/v2\/media?parent=50047"}],"wp:term":[{"taxonomy":"category","embeddable":true,"href":"https:\/\/blogdoedvaldomagalhaes.com.br\/index.php\/wp-json\/wp\/v2\/categories?post=50047"},{"taxonomy":"post_tag","embeddable":true,"href":"https:\/\/blogdoedvaldomagalhaes.com.br\/index.php\/wp-json\/wp\/v2\/tags?post=50047"}],"curies":[{"name":"wp","href":"https:\/\/api.w.org\/{rel}","templated":true}]}}