{"id":50042,"date":"2019-12-24T14:57:59","date_gmt":"2019-12-24T17:57:59","guid":{"rendered":"http:\/\/blogdoedvaldomagalhaes.com.br\/?p=50042"},"modified":"2019-12-24T14:58:05","modified_gmt":"2019-12-24T17:58:05","slug":"prefeitura-de-caruaru-assina-convenio-para-programa-de-qualificacao-gratuita","status":"publish","type":"post","link":"https:\/\/blogdoedvaldomagalhaes.com.br\/index.php\/2019\/12\/24\/prefeitura-de-caruaru-assina-convenio-para-programa-de-qualificacao-gratuita\/","title":{"rendered":"Prefeitura de Caruaru assina conv\u00eanio para programa de qualifica\u00e7\u00e3o gratuita"},"content":{"rendered":"<p style=\"text-align: justify;\"><span style=\"font-size: inherit;\">A Prefeitura de Caruaru, atrav\u00e9s da Secretaria de Desenvolvimento Social e Direitos Humanos (SDSDH), assinou nesta segunda-feira (23) um conv\u00eanio para o programa de qualifica\u00e7\u00e3o gratuita. A iniciativa ser\u00e1 realizada em parceria com o Centro de Integra\u00e7\u00e3o Empresa Escola de Pernambuco (CIEE) e a Asces-Unita.<\/span><\/p>\n<p style=\"text-align: justify;\">O objetivo \u00e9 desenvolver minicursos e oficinas profissionalizantes para jovens atendidos pelos Centros de Refer\u00eancia de Assist\u00eancia Social (Cras) e da comunidade no geral. S\u00e3o capacita\u00e7\u00f5es sobre curr\u00edculo, marketing pessoal, entrevista de emprego, entre outros temas que ajudam quem est\u00e1 procurando uma oportunidade no mercado de trabalho. As inscri\u00e7\u00f5es devem ser feitas previamente no site http:\/\/bit.ly\/programaqualifica\u00e7\u00e3ogratuita e confirmadas na sede dos Cras nos bairros. No site \u00e9 poss\u00edvel verificar tamb\u00e9m a lista de op\u00e7\u00f5es.<\/p>\n<p style=\"text-align: justify;\">Todos os participantes receber\u00e3o certificados de realiza\u00e7\u00e3o dos minicursos. Neste primeiro momento ser\u00e3o oferecidas 120 vagas para a faixa et\u00e1ria de 16 a 21 anos. As aulas ter\u00e3o in\u00edcio no dia 2 de janeiro de 2020 e v\u00e3o acontecer nas segundas e s\u00e1bados, das 10h \u00e0s 12h, no terceiro andar da Asces-Unita.<\/p>\n\n\n<figure class=\"wp-block-image size-large\"><img loading=\"lazy\" decoding=\"async\" width=\"1024\" height=\"768\" src=\"http:\/\/blogdoedvaldomagalhaes.com.br\/wp-content\/uploads\/2019\/12\/IMG-20191224-WA0137-1024x768.jpg\" alt=\"\" class=\"wp-image-50044\" srcset=\"https:\/\/blogdoedvaldomagalhaes.com.br\/wp-content\/uploads\/2019\/12\/IMG-20191224-WA0137-1024x768.jpg 1024w, https:\/\/blogdoedvaldomagalhaes.com.br\/wp-content\/uploads\/2019\/12\/IMG-20191224-WA0137-300x225.jpg 300w, https:\/\/blogdoedvaldomagalhaes.com.br\/wp-content\/uploads\/2019\/12\/IMG-20191224-WA0137-768x576.jpg 768w, https:\/\/blogdoedvaldomagalhaes.com.br\/wp-content\/uploads\/2019\/12\/IMG-20191224-WA0137-160x120.jpg 160w, https:\/\/blogdoedvaldomagalhaes.com.br\/wp-content\/uploads\/2019\/12\/IMG-20191224-WA0137.jpg 1152w\" sizes=\"auto, (max-width: 1024px) 100vw, 1024px\" \/><\/figure>\n\n\n\n<figure class=\"wp-block-image size-large\"><img loading=\"lazy\" decoding=\"async\" width=\"1024\" height=\"768\" src=\"http:\/\/blogdoedvaldomagalhaes.com.br\/wp-content\/uploads\/2019\/12\/IMG-20191224-WA0239-1024x768.jpg\" alt=\"\" class=\"wp-image-50045\" srcset=\"https:\/\/blogdoedvaldomagalhaes.com.br\/wp-content\/uploads\/2019\/12\/IMG-20191224-WA0239-1024x768.jpg 1024w, https:\/\/blogdoedvaldomagalhaes.com.br\/wp-content\/uploads\/2019\/12\/IMG-20191224-WA0239-300x225.jpg 300w, https:\/\/blogdoedvaldomagalhaes.com.br\/wp-content\/uploads\/2019\/12\/IMG-20191224-WA0239-768x576.jpg 768w, https:\/\/blogdoedvaldomagalhaes.com.br\/wp-content\/uploads\/2019\/12\/IMG-20191224-WA0239-160x120.jpg 160w, https:\/\/blogdoedvaldomagalhaes.com.br\/wp-content\/uploads\/2019\/12\/IMG-20191224-WA0239.jpg 1152w\" sizes=\"auto, (max-width: 1024px) 100vw, 1024px\" \/><\/figure>\n","protected":false},"excerpt":{"rendered":"<p>A Prefeitura de Caruaru, atrav\u00e9s da Secretaria de Desenvolvimento Social e Direitos Humanos (SDSDH), assinou nesta segunda-feira (23) um conv\u00eanio&hellip;<\/p>\n","protected":false},"author":1,"featured_media":50043,"comment_status":"open","ping_status":"open","sticky":false,"template":"","format":"standard","meta":{"footnotes":""},"categories":[14122],"tags":[2,16881,16944],"class_list":["post-50042","post","type-post","status-publish","format-standard","has-post-thumbnail","hentry","category-politica","tag-blog-do-edvaldo-magalhaes","tag-caruaru-e-regiao","tag-prefeitura-de-caruaru-assina-convenio-para-programa-de-qualificacao-gratuita"],"_links":{"self":[{"href":"https:\/\/blogdoedvaldomagalhaes.com.br\/index.php\/wp-json\/wp\/v2\/posts\/50042","targetHints":{"allow":["GET"]}}],"collection":[{"href":"https:\/\/blogdoedvaldomagalhaes.com.br\/index.php\/wp-json\/wp\/v2\/posts"}],"about":[{"href":"https:\/\/blogdoedvaldomagalhaes.com.br\/index.php\/wp-json\/wp\/v2\/types\/post"}],"author":[{"embeddable":true,"href":"https:\/\/blogdoedvaldomagalhaes.com.br\/index.php\/wp-json\/wp\/v2\/users\/1"}],"replies":[{"embeddable":true,"href":"https:\/\/blogdoedvaldomagalhaes.com.br\/index.php\/wp-json\/wp\/v2\/comments?post=50042"}],"version-history":[{"count":1,"href":"https:\/\/blogdoedvaldomagalhaes.com.br\/index.php\/wp-json\/wp\/v2\/posts\/50042\/revisions"}],"predecessor-version":[{"id":50046,"href":"https:\/\/blogdoedvaldomagalhaes.com.br\/index.php\/wp-json\/wp\/v2\/posts\/50042\/revisions\/50046"}],"wp:featuredmedia":[{"embeddable":true,"href":"https:\/\/blogdoedvaldomagalhaes.com.br\/index.php\/wp-json\/wp\/v2\/media\/50043"}],"wp:attachment":[{"href":"https:\/\/blogdoedvaldomagalhaes.com.br\/index.php\/wp-json\/wp\/v2\/media?parent=50042"}],"wp:term":[{"taxonomy":"category","embeddable":true,"href":"https:\/\/blogdoedvaldomagalhaes.com.br\/index.php\/wp-json\/wp\/v2\/categories?post=50042"},{"taxonomy":"post_tag","embeddable":true,"href":"https:\/\/blogdoedvaldomagalhaes.com.br\/index.php\/wp-json\/wp\/v2\/tags?post=50042"}],"curies":[{"name":"wp","href":"https:\/\/api.w.org\/{rel}","templated":true}]}}