{"id":50039,"date":"2019-12-24T14:46:10","date_gmt":"2019-12-24T17:46:10","guid":{"rendered":"http:\/\/blogdoedvaldomagalhaes.com.br\/?p=50039"},"modified":"2019-12-24T14:46:12","modified_gmt":"2019-12-24T17:46:12","slug":"deslizamento-de-barreira-atinge-duas-casas-e-mata-sete-pessoas-no-recife","status":"publish","type":"post","link":"https:\/\/blogdoedvaldomagalhaes.com.br\/index.php\/2019\/12\/24\/deslizamento-de-barreira-atinge-duas-casas-e-mata-sete-pessoas-no-recife\/","title":{"rendered":"Deslizamento de barreira atinge duas casas e mata sete pessoas no Recife"},"content":{"rendered":"<p style=\"text-align: justify;\">Um deslizamento de barreira atingiu duas casas na madrugada desta ter\u00e7a-feira (24), no bairro de Dois Unidos, no Recife. Sete pessoas morreram, e tr\u00eas ficaram feridas.<\/p>\n<p style=\"text-align: justify;\">Seis viaturas do Corpo de Bombeiros e equipes da Defesa Civil est\u00e3o no local da trag\u00e9dia, que aconteceu \u00e0s 2h55. Morreram tr\u00eas adultos, uma crian\u00e7a e um beb\u00ea. As tr\u00eas pessoas feridas foram socorridas para o Hospital da Restaura\u00e7\u00e3o (HR).<\/p>\n<p>Foto: Bruno Fontes\/TV Globo.<\/p>\n","protected":false},"excerpt":{"rendered":"<p>Um deslizamento de barreira atingiu duas casas na madrugada desta ter\u00e7a-feira (24), no bairro de Dois Unidos, no Recife. Sete&hellip;<\/p>\n","protected":false},"author":1,"featured_media":50040,"comment_status":"open","ping_status":"open","sticky":false,"template":"","format":"standard","meta":{"footnotes":""},"categories":[14120],"tags":[2,16943],"class_list":["post-50039","post","type-post","status-publish","format-standard","has-post-thumbnail","hentry","category-noticias","tag-blog-do-edvaldo-magalhaes","tag-deslizamento-de-barreira-atinge-duas-casas-e-mata-sete-pessoas-no-recife"],"_links":{"self":[{"href":"https:\/\/blogdoedvaldomagalhaes.com.br\/index.php\/wp-json\/wp\/v2\/posts\/50039","targetHints":{"allow":["GET"]}}],"collection":[{"href":"https:\/\/blogdoedvaldomagalhaes.com.br\/index.php\/wp-json\/wp\/v2\/posts"}],"about":[{"href":"https:\/\/blogdoedvaldomagalhaes.com.br\/index.php\/wp-json\/wp\/v2\/types\/post"}],"author":[{"embeddable":true,"href":"https:\/\/blogdoedvaldomagalhaes.com.br\/index.php\/wp-json\/wp\/v2\/users\/1"}],"replies":[{"embeddable":true,"href":"https:\/\/blogdoedvaldomagalhaes.com.br\/index.php\/wp-json\/wp\/v2\/comments?post=50039"}],"version-history":[{"count":1,"href":"https:\/\/blogdoedvaldomagalhaes.com.br\/index.php\/wp-json\/wp\/v2\/posts\/50039\/revisions"}],"predecessor-version":[{"id":50041,"href":"https:\/\/blogdoedvaldomagalhaes.com.br\/index.php\/wp-json\/wp\/v2\/posts\/50039\/revisions\/50041"}],"wp:featuredmedia":[{"embeddable":true,"href":"https:\/\/blogdoedvaldomagalhaes.com.br\/index.php\/wp-json\/wp\/v2\/media\/50040"}],"wp:attachment":[{"href":"https:\/\/blogdoedvaldomagalhaes.com.br\/index.php\/wp-json\/wp\/v2\/media?parent=50039"}],"wp:term":[{"taxonomy":"category","embeddable":true,"href":"https:\/\/blogdoedvaldomagalhaes.com.br\/index.php\/wp-json\/wp\/v2\/categories?post=50039"},{"taxonomy":"post_tag","embeddable":true,"href":"https:\/\/blogdoedvaldomagalhaes.com.br\/index.php\/wp-json\/wp\/v2\/tags?post=50039"}],"curies":[{"name":"wp","href":"https:\/\/api.w.org\/{rel}","templated":true}]}}