{"id":50035,"date":"2019-12-24T11:50:38","date_gmt":"2019-12-24T14:50:38","guid":{"rendered":"http:\/\/blogdoedvaldomagalhaes.com.br\/?p=50035"},"modified":"2019-12-24T11:50:42","modified_gmt":"2019-12-24T14:50:42","slug":"coronel-gilmar-oliveira-nao-comanda-mais-a-destra","status":"publish","type":"post","link":"https:\/\/blogdoedvaldomagalhaes.com.br\/index.php\/2019\/12\/24\/coronel-gilmar-oliveira-nao-comanda-mais-a-destra\/","title":{"rendered":"Coronel Gilmar Oliveira n\u00e3o comanda mais a Destra"},"content":{"rendered":"<p><span style=\"font-size: inherit;\">NOTA OFICIAL<\/span><\/p>\n<p style=\"text-align: justify;\">A Prefeitura de Caruaru informa que, interinamente, a partir desta ter\u00e7a, dia 24, a Autarquia Municipal de Defesa Social, Tr\u00e2nsito e Transportes de Caruaru &#8211; Destra ficar\u00e1 sob o comando de Karla Vieira, tamb\u00e9m secret\u00e1ria de Ordem P\u00fablica do munic\u00edpio. A prefeita Raquel Lyra agradece os servi\u00e7os prestados pelo Coronel Gilmar de Oliveira, durante o per\u00edodo que ficou \u00e0 frente da Autarquia.<\/p>\n","protected":false},"excerpt":{"rendered":"<p>NOTA OFICIAL A Prefeitura de Caruaru informa que, interinamente, a partir desta ter\u00e7a, dia 24, a Autarquia Municipal de Defesa&hellip;<\/p>\n","protected":false},"author":1,"featured_media":50036,"comment_status":"open","ping_status":"open","sticky":false,"template":"","format":"standard","meta":{"footnotes":""},"categories":[14120],"tags":[2,16881,16942],"class_list":["post-50035","post","type-post","status-publish","format-standard","has-post-thumbnail","hentry","category-noticias","tag-blog-do-edvaldo-magalhaes","tag-caruaru-e-regiao","tag-coronel-gilmar-oliveira-nao-comanda-mais-a-destra"],"_links":{"self":[{"href":"https:\/\/blogdoedvaldomagalhaes.com.br\/index.php\/wp-json\/wp\/v2\/posts\/50035","targetHints":{"allow":["GET"]}}],"collection":[{"href":"https:\/\/blogdoedvaldomagalhaes.com.br\/index.php\/wp-json\/wp\/v2\/posts"}],"about":[{"href":"https:\/\/blogdoedvaldomagalhaes.com.br\/index.php\/wp-json\/wp\/v2\/types\/post"}],"author":[{"embeddable":true,"href":"https:\/\/blogdoedvaldomagalhaes.com.br\/index.php\/wp-json\/wp\/v2\/users\/1"}],"replies":[{"embeddable":true,"href":"https:\/\/blogdoedvaldomagalhaes.com.br\/index.php\/wp-json\/wp\/v2\/comments?post=50035"}],"version-history":[{"count":1,"href":"https:\/\/blogdoedvaldomagalhaes.com.br\/index.php\/wp-json\/wp\/v2\/posts\/50035\/revisions"}],"predecessor-version":[{"id":50037,"href":"https:\/\/blogdoedvaldomagalhaes.com.br\/index.php\/wp-json\/wp\/v2\/posts\/50035\/revisions\/50037"}],"wp:featuredmedia":[{"embeddable":true,"href":"https:\/\/blogdoedvaldomagalhaes.com.br\/index.php\/wp-json\/wp\/v2\/media\/50036"}],"wp:attachment":[{"href":"https:\/\/blogdoedvaldomagalhaes.com.br\/index.php\/wp-json\/wp\/v2\/media?parent=50035"}],"wp:term":[{"taxonomy":"category","embeddable":true,"href":"https:\/\/blogdoedvaldomagalhaes.com.br\/index.php\/wp-json\/wp\/v2\/categories?post=50035"},{"taxonomy":"post_tag","embeddable":true,"href":"https:\/\/blogdoedvaldomagalhaes.com.br\/index.php\/wp-json\/wp\/v2\/tags?post=50035"}],"curies":[{"name":"wp","href":"https:\/\/api.w.org\/{rel}","templated":true}]}}