{"id":50032,"date":"2019-12-23T21:10:38","date_gmt":"2019-12-24T00:10:38","guid":{"rendered":"http:\/\/blogdoedvaldomagalhaes.com.br\/?p=50032"},"modified":"2019-12-23T21:10:43","modified_gmt":"2019-12-24T00:10:43","slug":"natal-e-reveillon-com-hoteis-lotados-em-pernambuco","status":"publish","type":"post","link":"https:\/\/blogdoedvaldomagalhaes.com.br\/index.php\/2019\/12\/23\/natal-e-reveillon-com-hoteis-lotados-em-pernambuco\/","title":{"rendered":"Natal e R\u00e9veillon com hot\u00e9is lotados em Pernambuco"},"content":{"rendered":"<p style=\"text-align: justify;\">M\u00e9dias esperadas de ocupa\u00e7\u00e3o hoteleira para as festas superam as de 2018. Expectativa \u00e9 de 85% para o Natal e de 95% a virada do ano<\/p>\n<p style=\"text-align: justify;\">O turismo de Pernambuco aguarda a chegada dos turistas que buscam curtir as festas de fim de ano no calor do ver\u00e3o nordestino. Dados levantados pelo Setor de Estudos e Pesquisas da Empetur apontam crescimento na ocupa\u00e7\u00e3o da rede hoteleira do Estado para o Natal e R\u00e9veillon em compara\u00e7\u00e3o com o mesmo per\u00edodo de 2018.<\/p>\n<p style=\"text-align: justify;\">Para o feriado de Natal, a taxa m\u00e9dia de ocupa\u00e7\u00e3o \u00e9 de 85%, o que representa cerca de 5% superior ao ano passado em Pernambuco. Neste cen\u00e1rio o destaque vai para o munic\u00edpio de Triunfo, no sert\u00e3o, com uma expectativa de 92% de ocupa\u00e7\u00e3o de seus hot\u00e9is e pousadas. O dado ajuda refor\u00e7a a posi\u00e7\u00e3o do munic\u00edpio como um dos importantes destinos tur\u00edsticos da regi\u00e3o. Neste Natal, Triunfo promove uma programa\u00e7\u00e3o especial gratuita, como shows e espet\u00e1culos, at\u00e9 6 de janeiro, sob o mote de Janelas de Triunfo.<\/p>\n<p style=\"text-align: justify;\">\u201cO turismo de Pernambuco encerra 2019 de maneira otimista, com n\u00fameros melhores do que em 2018, e j\u00e1 projetando um in\u00edcio positivo para 2020. Os esfor\u00e7os ser\u00e3o cada vez maiores para fazer o setor ainda mais produtivo para o Estado\u201d, destacou o secret\u00e1rio de Turismo e Lazer de Pernambuco, Rodrigo Novaes.<\/p>\n<p style=\"text-align: justify;\">Para a virada do ano, a expectativa de ocupa\u00e7\u00e3o praticamente se mant\u00e9m est\u00e1vel, com discreto incremento de 0,4%, em rela\u00e7\u00e3o ao mesmo per\u00edodo em 2018. O esperado \u00e9 que a m\u00e9dia no Estado atinja a marca de 95% para o R\u00e9veillon.<\/p>\n<p style=\"text-align: justify;\">Entre os destinos que se sobressaem para a data, Fernando de Noronha apresenta \u00edndice acima dos 98% e perman\u00eancia m\u00e9dia de 6,3 dias. J\u00e1 a capital pernambucana conta com m\u00e9dia de 91%, com m\u00e9dia de perman\u00eancia de 2,3 dias.<\/p>\n","protected":false},"excerpt":{"rendered":"<p>M\u00e9dias esperadas de ocupa\u00e7\u00e3o hoteleira para as festas superam as de 2018. Expectativa \u00e9 de 85% para o Natal e&hellip;<\/p>\n","protected":false},"author":1,"featured_media":50033,"comment_status":"open","ping_status":"open","sticky":false,"template":"","format":"standard","meta":{"footnotes":""},"categories":[14120],"tags":[2,16881,16941],"class_list":["post-50032","post","type-post","status-publish","format-standard","has-post-thumbnail","hentry","category-noticias","tag-blog-do-edvaldo-magalhaes","tag-caruaru-e-regiao","tag-natal-e-reveillon-com-hoteis-lotados-em-pernambuco"],"_links":{"self":[{"href":"https:\/\/blogdoedvaldomagalhaes.com.br\/index.php\/wp-json\/wp\/v2\/posts\/50032","targetHints":{"allow":["GET"]}}],"collection":[{"href":"https:\/\/blogdoedvaldomagalhaes.com.br\/index.php\/wp-json\/wp\/v2\/posts"}],"about":[{"href":"https:\/\/blogdoedvaldomagalhaes.com.br\/index.php\/wp-json\/wp\/v2\/types\/post"}],"author":[{"embeddable":true,"href":"https:\/\/blogdoedvaldomagalhaes.com.br\/index.php\/wp-json\/wp\/v2\/users\/1"}],"replies":[{"embeddable":true,"href":"https:\/\/blogdoedvaldomagalhaes.com.br\/index.php\/wp-json\/wp\/v2\/comments?post=50032"}],"version-history":[{"count":1,"href":"https:\/\/blogdoedvaldomagalhaes.com.br\/index.php\/wp-json\/wp\/v2\/posts\/50032\/revisions"}],"predecessor-version":[{"id":50034,"href":"https:\/\/blogdoedvaldomagalhaes.com.br\/index.php\/wp-json\/wp\/v2\/posts\/50032\/revisions\/50034"}],"wp:featuredmedia":[{"embeddable":true,"href":"https:\/\/blogdoedvaldomagalhaes.com.br\/index.php\/wp-json\/wp\/v2\/media\/50033"}],"wp:attachment":[{"href":"https:\/\/blogdoedvaldomagalhaes.com.br\/index.php\/wp-json\/wp\/v2\/media?parent=50032"}],"wp:term":[{"taxonomy":"category","embeddable":true,"href":"https:\/\/blogdoedvaldomagalhaes.com.br\/index.php\/wp-json\/wp\/v2\/categories?post=50032"},{"taxonomy":"post_tag","embeddable":true,"href":"https:\/\/blogdoedvaldomagalhaes.com.br\/index.php\/wp-json\/wp\/v2\/tags?post=50032"}],"curies":[{"name":"wp","href":"https:\/\/api.w.org\/{rel}","templated":true}]}}