{"id":500,"date":"2018-12-06T20:18:00","date_gmt":"2018-12-06T22:18:00","guid":{"rendered":"http:\/\/blogdoedvaldomagalhaes.com.br\/index.php\/2018\/12\/06\/dezesseis-socioeducandos-da-funase\/"},"modified":"2019-02-09T02:44:49","modified_gmt":"2019-02-09T04:44:49","slug":"dezesseis-socioeducandos-da-funase","status":"publish","type":"post","link":"https:\/\/blogdoedvaldomagalhaes.com.br\/index.php\/2018\/12\/06\/dezesseis-socioeducandos-da-funase\/","title":{"rendered":"Dezesseis socioeducandos da Funase concluem cursos do Qualifica Caruaru"},"content":{"rendered":"<div class=\"separator\" style=\"clear: both; text-align: center;\">\n<a href=\"https:\/\/2.bp.blogspot.com\/-pVkJ-a4pAeY\/XAmD1fK_6tI\/AAAAAAAA_Kg\/SlmJdCOe_bM-djWOjVZAjG78AtV0BZZvgCLcBGAs\/s1600\/funase.jpg\" imageanchor=\"1\" style=\"margin-left: 1em; margin-right: 1em;\"><img loading=\"lazy\" decoding=\"async\" border=\"0\" data-original-height=\"960\" data-original-width=\"1280\" height=\"480\" src=\"http:\/\/blogdoedvaldomagalhaes.com.br\/wp-content\/uploads\/2018\/12\/funase-2.jpg\" width=\"640\" \/><\/a><\/div>\n<div class=\"separator\" style=\"clear: both; text-align: center;\">\nFoto: Funase\/Divulga\u00e7\u00e3o<\/div>\n<div class=\"MsoNormal\" style=\"background: none 0% 0% repeat scroll white; line-height: normal; margin: 0cm 0cm 0.0001pt; text-align: justify;\">\n<\/div>\n<div class=\"MsoNormal\" style=\"background: none 0% 0% repeat scroll white; line-height: normal; margin: 0cm 0cm 0.0001pt; text-align: justify;\">\nDezesseis adolescentes da Casa de Semiliberdade (Casem) Caruaru, administrada pela Funda\u00e7\u00e3o de Atendimento Socioeducativo (Funase), estiveram entre os 191 concluintes de cursos profissionalizantes do Qualifica Caruaru, programa desenvolvido pela Prefeitura. A formatura ocorreu no audit\u00f3rio do Centro de Conven\u00e7\u00f5es Empres\u00e1rio Djalma Farias Cintra \u2013 Senac Caruaru e teve como auge a certifica\u00e7\u00e3o dos alunos, que tamb\u00e9m receberam kits de inicia\u00e7\u00e3o profissional. O evento contou com apresenta\u00e7\u00f5es culturais.<\/div>\n<div class=\"MsoNormal\" style=\"background: none 0% 0% repeat scroll white; line-height: normal; margin: 0cm 0cm 0.0001pt; text-align: justify;\">\n<\/div>\n<div class=\"MsoNormal\" style=\"background: none 0% 0% repeat scroll white; line-height: normal; margin: 0cm 0cm 0.0001pt; text-align: justify;\">\nA Funase foi contemplada com 20 vagas nos cursos de Inform\u00e1tica B\u00e1sica, Espanhol B\u00e1sico, Desenvolvimento Web, Photoshop, Serigrafia, Mundo do Trabalho e Marketing pessoal. Dos 16 alunos, quatro participaram de mais de um curso, preenchendo o total de oportunidades. Representando a Funase, estiveram a coordenadora geral da Casem Caruaru, Anabel Brand\u00e3o, a coordenadora t\u00e9cnica, Sileide Moreira, a pedagoga Aliny Garcia e agentes socioeducativos. A formatura foi prestigiada pela prefeita de Caruaru, Raquel Lyra, e pelo juiz titular da Vara Regional da Inf\u00e2ncia e Juventude, Jos\u00e9 Fernando Santos.<\/div>\n<div class=\"MsoNormal\" style=\"background: none 0% 0% repeat scroll white; line-height: normal; margin: 0cm 0cm 0.0001pt; text-align: justify;\">\n<\/div>\n<div class=\"MsoNormal\" style=\"background: none 0% 0% repeat scroll white; line-height: normal; margin: 0cm 0cm 0.0001pt; text-align: justify;\">\n\u201cOs cursos foram realizados na Casa das Juventudes, abordando temas muito importantes na economia da nossa regi\u00e3o, como as tem\u00e1ticas voltadas \u00e0 empregabilidade. A profissionaliza\u00e7\u00e3o contribui de maneira decisiva no processo de cumprimento de uma medida socioeducativa. Ela afasta os jovens de um cen\u00e1rio de exclus\u00e3o social\u201d, avaliou Anabel Brand\u00e3o.<\/div>\n<div class=\"MsoNormal\" style=\"background: none 0% 0% repeat scroll white; line-height: normal; margin: 0cm 0cm 0.0001pt; text-align: justify;\">\n<h3 class=\"iw\" style=\"-webkit-font-smoothing: auto; color: #5f6368; letter-spacing: 0.3px; line-height: 20px; margin: inherit; max-width: 92%; overflow: hidden; text-align: left; white-space: nowrap;\">\nFonte: Ascom Funase.<\/h3>\n<div>\n<\/div>\n<\/div>\n","protected":false},"excerpt":{"rendered":"<p>Foto: Funase\/Divulga\u00e7\u00e3o Dezesseis adolescentes da Casa de Semiliberdade (Casem) Caruaru, administrada pela Funda\u00e7\u00e3o de Atendimento Socioeducativo (Funase), estiveram entre os&hellip;<\/p>\n","protected":false},"author":1,"featured_media":0,"comment_status":"open","ping_status":"open","sticky":false,"template":"","format":"standard","meta":{"footnotes":""},"categories":[1],"tags":[2,410,6],"class_list":["post-500","post","type-post","status-publish","format-standard","hentry","category-sem-categoria","tag-blog-do-edvaldo-magalhaes","tag-dezesseis-socioeducandos-da-funase-concluem-cursos-do-qualifica-caruaru","tag-noticias"],"_links":{"self":[{"href":"https:\/\/blogdoedvaldomagalhaes.com.br\/index.php\/wp-json\/wp\/v2\/posts\/500","targetHints":{"allow":["GET"]}}],"collection":[{"href":"https:\/\/blogdoedvaldomagalhaes.com.br\/index.php\/wp-json\/wp\/v2\/posts"}],"about":[{"href":"https:\/\/blogdoedvaldomagalhaes.com.br\/index.php\/wp-json\/wp\/v2\/types\/post"}],"author":[{"embeddable":true,"href":"https:\/\/blogdoedvaldomagalhaes.com.br\/index.php\/wp-json\/wp\/v2\/users\/1"}],"replies":[{"embeddable":true,"href":"https:\/\/blogdoedvaldomagalhaes.com.br\/index.php\/wp-json\/wp\/v2\/comments?post=500"}],"version-history":[{"count":1,"href":"https:\/\/blogdoedvaldomagalhaes.com.br\/index.php\/wp-json\/wp\/v2\/posts\/500\/revisions"}],"predecessor-version":[{"id":36556,"href":"https:\/\/blogdoedvaldomagalhaes.com.br\/index.php\/wp-json\/wp\/v2\/posts\/500\/revisions\/36556"}],"wp:attachment":[{"href":"https:\/\/blogdoedvaldomagalhaes.com.br\/index.php\/wp-json\/wp\/v2\/media?parent=500"}],"wp:term":[{"taxonomy":"category","embeddable":true,"href":"https:\/\/blogdoedvaldomagalhaes.com.br\/index.php\/wp-json\/wp\/v2\/categories?post=500"},{"taxonomy":"post_tag","embeddable":true,"href":"https:\/\/blogdoedvaldomagalhaes.com.br\/index.php\/wp-json\/wp\/v2\/tags?post=500"}],"curies":[{"name":"wp","href":"https:\/\/api.w.org\/{rel}","templated":true}]}}