{"id":4999,"date":"2017-08-19T15:36:00","date_gmt":"2017-08-19T18:36:00","guid":{"rendered":"http:\/\/blogdoedvaldomagalhaes.com.br\/index.php\/2017\/08\/19\/sinpro-e-ctb-encontro-com-as-comissoes\/"},"modified":"2019-02-09T01:40:26","modified_gmt":"2019-02-09T03:40:26","slug":"sinpro-e-ctb-encontro-com-as-comissoes","status":"publish","type":"post","link":"https:\/\/blogdoedvaldomagalhaes.com.br\/index.php\/2017\/08\/19\/sinpro-e-ctb-encontro-com-as-comissoes\/","title":{"rendered":"Sinpro e CTB: Encontro com as Comiss\u00f5es de Bases em Caruaru"},"content":{"rendered":"<div class=\"separator\" style=\"clear: both; text-align: center;\">\n<a href=\"https:\/\/1.bp.blogspot.com\/-vuwJ5HwQttg\/WZhZ20FHdGI\/AAAAAAAAcH4\/7-KTn61RZ5cpNjG57UEpqQrZLjR8CPmvQCLcBGAs\/s1600\/20170819_102551.jpg\" imageanchor=\"1\" style=\"margin-left: 1em; margin-right: 1em;\"><img loading=\"lazy\" decoding=\"async\" border=\"0\" data-original-height=\"900\" data-original-width=\"1600\" height=\"225\" src=\"http:\/\/blogdoedvaldomagalhaes.com.br\/wp-content\/uploads\/2017\/08\/20170819_102551.jpg\" width=\"400\" \/><\/a><\/div>\n<div class=\"separator\" style=\"clear: both; text-align: center;\">\n<\/div>\n<div class=\"separator\" style=\"clear: both; text-align: justify;\">\nO Sindicato dos Professores de Pernambuco (Sinpro) e a Central dos Trabalhadores e Trabalhadoras do Brasil (CTB) realizaram na manh\u00e3 deste s\u00e1bado (19), no audit\u00f3rio do Grande Hotel S\u00e3o Vicente de Paulo, na avenida Rio Branco, centro de Caruaru, o Encontro das Comiss\u00f5es de Bases das Redes Municipais. O presidente do Sinpro-PE e da CTB-PE, Helmilton Beserra, esteve ao lado do diretor do Sinpro-PE na regi\u00e3o Agreste, Ant\u00f4nio Trajano.<\/div>\n<div class=\"separator\" style=\"clear: both; text-align: justify;\">\n<\/div>\n<div class=\"separator\" style=\"clear: both; text-align: justify;\">\nAs Reformas Previdenci\u00e1ria e Trabalhista, estiveram na pauta,sendo discutido o momento sindical no pa\u00eds.<\/div>\n<p><\/p>\n","protected":false},"excerpt":{"rendered":"<p>O Sindicato dos Professores de Pernambuco (Sinpro) e a Central dos Trabalhadores e Trabalhadoras do Brasil (CTB) realizaram na manh\u00e3&hellip;<\/p>\n","protected":false},"author":1,"featured_media":0,"comment_status":"open","ping_status":"open","sticky":false,"template":"","format":"standard","meta":{"footnotes":""},"categories":[1],"tags":[6422,2,3791,6299,6,6438],"class_list":["post-4999","post","type-post","status-publish","format-standard","hentry","category-sem-categoria","tag-avenida-rio-branco","tag-blog-do-edvaldo-magalhaes","tag-centro-de-caruaru","tag-grande-hotel-sao-vicente-de-paulo","tag-noticias","tag-sinpro-e-ctb-encontro-com-as-comissoes-de-bases-em-caruaru"],"_links":{"self":[{"href":"https:\/\/blogdoedvaldomagalhaes.com.br\/index.php\/wp-json\/wp\/v2\/posts\/4999","targetHints":{"allow":["GET"]}}],"collection":[{"href":"https:\/\/blogdoedvaldomagalhaes.com.br\/index.php\/wp-json\/wp\/v2\/posts"}],"about":[{"href":"https:\/\/blogdoedvaldomagalhaes.com.br\/index.php\/wp-json\/wp\/v2\/types\/post"}],"author":[{"embeddable":true,"href":"https:\/\/blogdoedvaldomagalhaes.com.br\/index.php\/wp-json\/wp\/v2\/users\/1"}],"replies":[{"embeddable":true,"href":"https:\/\/blogdoedvaldomagalhaes.com.br\/index.php\/wp-json\/wp\/v2\/comments?post=4999"}],"version-history":[{"count":1,"href":"https:\/\/blogdoedvaldomagalhaes.com.br\/index.php\/wp-json\/wp\/v2\/posts\/4999\/revisions"}],"predecessor-version":[{"id":23327,"href":"https:\/\/blogdoedvaldomagalhaes.com.br\/index.php\/wp-json\/wp\/v2\/posts\/4999\/revisions\/23327"}],"wp:attachment":[{"href":"https:\/\/blogdoedvaldomagalhaes.com.br\/index.php\/wp-json\/wp\/v2\/media?parent=4999"}],"wp:term":[{"taxonomy":"category","embeddable":true,"href":"https:\/\/blogdoedvaldomagalhaes.com.br\/index.php\/wp-json\/wp\/v2\/categories?post=4999"},{"taxonomy":"post_tag","embeddable":true,"href":"https:\/\/blogdoedvaldomagalhaes.com.br\/index.php\/wp-json\/wp\/v2\/tags?post=4999"}],"curies":[{"name":"wp","href":"https:\/\/api.w.org\/{rel}","templated":true}]}}