{"id":4996,"date":"2017-08-20T00:54:00","date_gmt":"2017-08-20T03:54:00","guid":{"rendered":"http:\/\/blogdoedvaldomagalhaes.com.br\/index.php\/2017\/08\/20\/cantor-novinho-da-paraiba-recebe-alta\/"},"modified":"2019-02-09T01:40:31","modified_gmt":"2019-02-09T03:40:31","slug":"cantor-novinho-da-paraiba-recebe-alta","status":"publish","type":"post","link":"https:\/\/blogdoedvaldomagalhaes.com.br\/index.php\/2017\/08\/20\/cantor-novinho-da-paraiba-recebe-alta\/","title":{"rendered":"Cantor Novinho da Para\u00edba recebe alta de hospital ap\u00f3s ser espancado durante assalto no Recife"},"content":{"rendered":"<div class=\"separator\" style=\"clear: both; text-align: center;\">\n<a href=\"https:\/\/4.bp.blogspot.com\/-iM06F6smjoA\/WZjdikknplI\/AAAAAAAAcJ0\/N0wLd-1BWo0abHVmT6_DHVeFj4eSZUAvwCLcBGAs\/s1600\/pb.jpg\" imageanchor=\"1\" style=\"margin-left: 1em; margin-right: 1em;\"><img loading=\"lazy\" decoding=\"async\" border=\"0\" data-original-height=\"600\" data-original-width=\"700\" height=\"342\" src=\"http:\/\/blogdoedvaldomagalhaes.com.br\/wp-content\/uploads\/2017\/08\/pb.jpg\" width=\"400\" \/><\/a><\/div>\n<div class=\"MsoNormal\" style=\"text-align: justify;\">\n<\/div>\n<div class=\"MsoNormal\" style=\"text-align: justify;\">\nO cantor Novinho da Para\u00edba<br \/>\nrecebeu alta m\u00e9dica do Hospital Get\u00falio Vargas, no Recife, neste s\u00e1bado (19).<br \/>\nEle havia sido internado na sexta-feira (18) ap\u00f3s ser assaltado e espancado.<\/div>\n<div class=\"MsoNormal\" style=\"text-align: justify;\">\n<\/div>\n<div class=\"MsoNormal\" style=\"text-align: justify;\">\nDe acordo com a pol\u00edcia, o<br \/>\nartista foi v\u00edtima de dois bandidos na sa\u00edda de um banco, no bairro das Gra\u00e7as.<\/div>\n<div class=\"MsoNormal\" style=\"text-align: justify;\">\n<\/div>\n<p><\/p>\n<div class=\"MsoNormal\" style=\"text-align: justify;\">\nO m\u00fasico vai continuar a<br \/>\nrecupera\u00e7\u00e3o em casa. A fam\u00edlia informou que os detalhes da ocorr\u00eancia ser\u00e3o<br \/>\ndivulgados em nota pela p\u00e1gina oficial de Novinho da Para\u00edba.<\/div>\n","protected":false},"excerpt":{"rendered":"<p>O cantor Novinho da Para\u00edba recebeu alta m\u00e9dica do Hospital Get\u00falio Vargas, no Recife, neste s\u00e1bado (19). Ele havia sido&hellip;<\/p>\n","protected":false},"author":1,"featured_media":0,"comment_status":"open","ping_status":"open","sticky":false,"template":"","format":"standard","meta":{"footnotes":""},"categories":[1],"tags":[2,6433,6434,6],"class_list":["post-4996","post","type-post","status-publish","format-standard","hentry","category-sem-categoria","tag-blog-do-edvaldo-magalhaes","tag-cantor-novinho-da-paraiba-recebe-alta-de-hospital-apos-ser-espancado-durante-assalto-no-recife","tag-hospital-getulio-vargas","tag-noticias"],"_links":{"self":[{"href":"https:\/\/blogdoedvaldomagalhaes.com.br\/index.php\/wp-json\/wp\/v2\/posts\/4996","targetHints":{"allow":["GET"]}}],"collection":[{"href":"https:\/\/blogdoedvaldomagalhaes.com.br\/index.php\/wp-json\/wp\/v2\/posts"}],"about":[{"href":"https:\/\/blogdoedvaldomagalhaes.com.br\/index.php\/wp-json\/wp\/v2\/types\/post"}],"author":[{"embeddable":true,"href":"https:\/\/blogdoedvaldomagalhaes.com.br\/index.php\/wp-json\/wp\/v2\/users\/1"}],"replies":[{"embeddable":true,"href":"https:\/\/blogdoedvaldomagalhaes.com.br\/index.php\/wp-json\/wp\/v2\/comments?post=4996"}],"version-history":[{"count":1,"href":"https:\/\/blogdoedvaldomagalhaes.com.br\/index.php\/wp-json\/wp\/v2\/posts\/4996\/revisions"}],"predecessor-version":[{"id":23338,"href":"https:\/\/blogdoedvaldomagalhaes.com.br\/index.php\/wp-json\/wp\/v2\/posts\/4996\/revisions\/23338"}],"wp:attachment":[{"href":"https:\/\/blogdoedvaldomagalhaes.com.br\/index.php\/wp-json\/wp\/v2\/media?parent=4996"}],"wp:term":[{"taxonomy":"category","embeddable":true,"href":"https:\/\/blogdoedvaldomagalhaes.com.br\/index.php\/wp-json\/wp\/v2\/categories?post=4996"},{"taxonomy":"post_tag","embeddable":true,"href":"https:\/\/blogdoedvaldomagalhaes.com.br\/index.php\/wp-json\/wp\/v2\/tags?post=4996"}],"curies":[{"name":"wp","href":"https:\/\/api.w.org\/{rel}","templated":true}]}}