{"id":49957,"date":"2019-12-21T16:51:15","date_gmt":"2019-12-21T19:51:15","guid":{"rendered":"http:\/\/blogdoedvaldomagalhaes.com.br\/?p=49957"},"modified":"2019-12-21T16:51:20","modified_gmt":"2019-12-21T19:51:20","slug":"cantor-e-compositor-tony-maciel-lanca-seu-terceiro-cd","status":"publish","type":"post","link":"https:\/\/blogdoedvaldomagalhaes.com.br\/index.php\/2019\/12\/21\/cantor-e-compositor-tony-maciel-lanca-seu-terceiro-cd\/","title":{"rendered":"Cantor e compositor Tony Maciel lan\u00e7a seu terceiro CD"},"content":{"rendered":"<p style=\"text-align: justify;\">Este \u00e9 o primeiro trabalho do artista lan\u00e7ado apenas em plataformas digitais.<\/p>\n<p style=\"text-align: justify;\">O cantor e compositor caruaruense Tony Maciel acaba de lan\u00e7ar, em todas as plataformas digitais, o seu novo trabalho, que comemora oito anos de lan\u00e7amento do seu segundo \u00e1lbum, Buscas Interiores.<\/p>\n<p style=\"text-align: justify;\">O projeto *Buscas Interiores (Ao vivo + Extras)* traz para o p\u00fablico composi\u00e7\u00f5es in\u00e9ditas gravadas em est\u00fadio, remixes e uma compila\u00e7\u00e3o de m\u00fasicas gravadas ao vivo, al\u00e9m de textos e poesias escritas e narradas pelo artista.<\/p>\n<p style=\"text-align: justify;\">Este \u00e9 o terceiro trabalho do cantor e compositor pernambucano e o primeiro lan\u00e7ado apenas nas plataformas digitais.<\/p>\n<p style=\"text-align: justify;\">O \u00e1lbum inclui a can\u00e7\u00e3o _Sobre S\u00e1bado_, da caruaruense Isabela Moraes, que ganhou uma vers\u00e3o em italiano escrita por Tony e tem a participa\u00e7\u00e3o da sobrinha do artista, Geovana, que divide os vocais tamb\u00e9m na can\u00e7\u00e3o _Feirarte_. A m\u00fasica foi escrita em homenagem \u00e0 cidade de Caruaru e fez parte da campanha da TV Jornal (SBT) em comemora\u00e7\u00e3o ao anivers\u00e1rio da cidade, este ano (2019).<\/p>\n<p style=\"text-align: justify;\">O \u00e1lbum \u00e9 distribu\u00eddo pelo selo Tratore e est\u00e1 dispon\u00edvel em todas as plataformas digitais, incluindo o Spotify.<\/p>\n<p><iframe title=\"Spotify Embed: Buscas Interiores (Ao Vivo + Extras)\" style=\"border-radius: 12px\" width=\"100%\" height=\"352\" frameborder=\"0\" allowfullscreen allow=\"autoplay; clipboard-write; encrypted-media; fullscreen; picture-in-picture\" loading=\"lazy\" src=\"https:\/\/open.spotify.com\/embed\/album\/0st9CTBVa9GRoMIKU4b8lE?si=gQQwufxfR06U-naNy0v_AQ&#038;utm_source=oembed\"><\/iframe><\/p>\n","protected":false},"excerpt":{"rendered":"<p>Este \u00e9 o primeiro trabalho do artista lan\u00e7ado apenas em plataformas digitais. O cantor e compositor caruaruense Tony Maciel acaba&hellip;<\/p>\n","protected":false},"author":1,"featured_media":49958,"comment_status":"open","ping_status":"open","sticky":false,"template":"","format":"standard","meta":{"footnotes":""},"categories":[14120],"tags":[16920,2,16881],"class_list":["post-49957","post","type-post","status-publish","format-standard","has-post-thumbnail","hentry","category-noticias","tag-cantor-e-compositor-tony-maciel-lanca-seu-terceiro-cd","tag-blog-do-edvaldo-magalhaes","tag-caruaru-e-regiao"],"_links":{"self":[{"href":"https:\/\/blogdoedvaldomagalhaes.com.br\/index.php\/wp-json\/wp\/v2\/posts\/49957","targetHints":{"allow":["GET"]}}],"collection":[{"href":"https:\/\/blogdoedvaldomagalhaes.com.br\/index.php\/wp-json\/wp\/v2\/posts"}],"about":[{"href":"https:\/\/blogdoedvaldomagalhaes.com.br\/index.php\/wp-json\/wp\/v2\/types\/post"}],"author":[{"embeddable":true,"href":"https:\/\/blogdoedvaldomagalhaes.com.br\/index.php\/wp-json\/wp\/v2\/users\/1"}],"replies":[{"embeddable":true,"href":"https:\/\/blogdoedvaldomagalhaes.com.br\/index.php\/wp-json\/wp\/v2\/comments?post=49957"}],"version-history":[{"count":1,"href":"https:\/\/blogdoedvaldomagalhaes.com.br\/index.php\/wp-json\/wp\/v2\/posts\/49957\/revisions"}],"predecessor-version":[{"id":49959,"href":"https:\/\/blogdoedvaldomagalhaes.com.br\/index.php\/wp-json\/wp\/v2\/posts\/49957\/revisions\/49959"}],"wp:featuredmedia":[{"embeddable":true,"href":"https:\/\/blogdoedvaldomagalhaes.com.br\/index.php\/wp-json\/wp\/v2\/media\/49958"}],"wp:attachment":[{"href":"https:\/\/blogdoedvaldomagalhaes.com.br\/index.php\/wp-json\/wp\/v2\/media?parent=49957"}],"wp:term":[{"taxonomy":"category","embeddable":true,"href":"https:\/\/blogdoedvaldomagalhaes.com.br\/index.php\/wp-json\/wp\/v2\/categories?post=49957"},{"taxonomy":"post_tag","embeddable":true,"href":"https:\/\/blogdoedvaldomagalhaes.com.br\/index.php\/wp-json\/wp\/v2\/tags?post=49957"}],"curies":[{"name":"wp","href":"https:\/\/api.w.org\/{rel}","templated":true}]}}